{"id":1100,"date":"2020-09-23T13:42:24","date_gmt":"2020-09-23T11:42:24","guid":{"rendered":"https:\/\/www.telepace.it\/roma\/?p=1100"},"modified":"2020-09-23T13:42:24","modified_gmt":"2020-09-23T11:42:24","slug":"padre-pio-espressione-del-perdono-di-dio","status":"publish","type":"post","link":"https:\/\/www.telepace.it\/padre-pio-espressione-del-perdono-di-dio\/","title":{"rendered":"Padre Pio, espressione del perdono di Dio"},"content":{"rendered":"<h1 class=\"western\" align=\"JUSTIFY\"><span style=\"font-size: large\">All&#8217;udienza generale di questa mattina, Papa Francesco ha invitato a considerare, per la ripresa della societ\u00e0, tutte le forze che ci sono, anche dal basso, in un&#8217;ottica di sussidiariet\u00e0, <\/span><\/h1>\n<p align=\"JUSTIFY\"><span style=\"font-size: large\">Il rischio, infatti, \u00e8 che la voce dei potenti soffochi i pi\u00f9 piccoli: <\/span><\/p>\n<p align=\"JUSTIFY\">\u201c<span style=\"font-size: large\"><i>Si ascoltano di pi\u00f9 le grandi compagnie finanziarie \u2013 dice il papa &#8211; anzich\u00e9 la gente o coloro che muovono l\u2019economia reale. Si ascoltano di pi\u00f9 le compagnie multinazionali che i movimenti sociali\u201d.<\/i><\/span><\/p>\n<p align=\"JUSTIFY\"><span style=\"font-size: large\">Vanno coinvolte, dunque, anche le associazioni, le famiglie, le piccole imprese, le energie che arrivano dal basso con un carico di idee, di proposte e di concretezza per &#8216;guarire&#8217; la societ\u00e0 dalla crisi profonda che la attraversa.<\/span><\/p>\n<p align=\"JUSTIFY\"><span style=\"font-size: large\"><i>&#8220;Spesso, per\u00f2, &#8211; prosegue Papa Francesco &#8211; molte persone non possono partecipare alla ricostruzione del bene comune perch\u00e9 sono emarginate, escluse o ignorate; certi gruppi sociali non riescono a contribuirvi perch\u00e9 soffocati economicamente o politicamente. In alcune societ\u00e0, tante persone non sono libere di esprimere la propria fede e i propri valori. Altrove, specialmente nel mondo occidentale, molti auto-reprimono le proprie convinzioni etiche o religiose. Ma cos\u00ec non si pu\u00f2 uscire dalla crisi, o comunque non si pu\u00f2 uscirne migliori&#8221;. <\/i><\/span><\/p>\n<h2 class=\"western\" align=\"JUSTIFY\"><span style=\"font-size: large\">Alla fine dell&#8217;udienza il papa ha chiesto un applauso di incoraggiamento rivolto agli ultimi, agli esclusi e poi ha ricordato la figura di padre Pio da Pietrelcina, santo di cui ricorre oggi la memoria liturgica<\/span><\/h2>\n<p align=\"JUSTIFY\"><span style=\"font-size: large\">Sulle sue orme, Francesco ha invitato tutti a confidare nella bont\u00e0 di Dio, accostandosi con fiducia \u201cal Sacramento della Riconciliazione, di cui il Santo del Gargano, instancabile dispensatore della misericordia divina, fu assiduo e fedele ministro\u201d.<\/span><\/p>\n<p align=\"JUSTIFY\">Questa sera, alle 18.10, Telepace trasmette un&#8217;intervista speciale su Padre Pio.<\/p>\n","protected":false},"excerpt":{"rendered":"<p>All&#8217;udienza generale di questa mattina, Papa Francesco ha invitato a considerare, per la ripresa della societ\u00e0, tutte le forze che ci sono, anche dal basso, in un&#8217;ottica di sussidiariet\u00e0, Il rischio, infatti, \u00e8 che la voce dei potenti soffochi i pi\u00f9 piccoli: \u201cSi ascoltano di pi\u00f9 le grandi compagnie finanziarie \u2013 dice il papa &#8211; [&hellip;]<\/p>\n","protected":false},"author":13,"featured_media":1106,"comment_status":"closed","ping_status":"closed","sticky":false,"template":"","format":"standard","meta":{"_acf_changed":false,"footnotes":""},"categories":[5,74],"tags":[110],"class_list":["post-1100","post","type-post","status-publish","format-standard","has-post-thumbnail","hentry","category-chiesa","category-papa-francesco","tag-redazione-roma"],"acf":[],"images":{"thumbnail":"https:\/\/www.telepace.it\/wp-content\/uploads\/2020\/09\/Padre-Pio-1-1-150x150.jpg","medium":"https:\/\/www.telepace.it\/wp-content\/uploads\/2020\/09\/Padre-Pio-1-1-300x150.jpg","full":"https:\/\/www.telepace.it\/wp-content\/uploads\/2020\/09\/Padre-Pio-1-1.jpg"},"_links":{"self":[{"href":"https:\/\/www.telepace.it\/api\/wp\/v2\/posts\/1100","targetHints":{"allow":["GET"]}}],"collection":[{"href":"https:\/\/www.telepace.it\/api\/wp\/v2\/posts"}],"about":[{"href":"https:\/\/www.telepace.it\/api\/wp\/v2\/types\/post"}],"author":[{"embeddable":true,"href":"https:\/\/www.telepace.it\/api\/wp\/v2\/users\/13"}],"replies":[{"embeddable":true,"href":"https:\/\/www.telepace.it\/api\/wp\/v2\/comments?post=1100"}],"version-history":[{"count":0,"href":"https:\/\/www.telepace.it\/api\/wp\/v2\/posts\/1100\/revisions"}],"wp:featuredmedia":[{"embeddable":true,"href":"https:\/\/www.telepace.it\/api\/wp\/v2\/media\/1106"}],"wp:attachment":[{"href":"https:\/\/www.telepace.it\/api\/wp\/v2\/media?parent=1100"}],"wp:term":[{"taxonomy":"category","embeddable":true,"href":"https:\/\/www.telepace.it\/api\/wp\/v2\/categories?post=1100"},{"taxonomy":"post_tag","embeddable":true,"href":"https:\/\/www.telepace.it\/api\/wp\/v2\/tags?post=1100"}],"curies":[{"name":"wp","href":"https:\/\/api.w.org\/{rel}","templated":true}]}}