{"id":17133,"date":"2017-05-09T14:34:46","date_gmt":"2017-05-09T12:34:46","guid":{"rendered":"http:\/\/www.telepace.com\/?p=17133"},"modified":"2017-05-09T14:34:46","modified_gmt":"2017-05-09T12:34:46","slug":"festa-deuropa-i-cristiani-si-dedichino-alla-buona-politica","status":"publish","type":"post","link":"https:\/\/www.telepace.it\/festa-deuropa-i-cristiani-si-dedichino-alla-buona-politica\/","title":{"rendered":"FESTA D&#8217;EUROPA &#8211;  &#8220;I cristiani si dedichino alla buona politica&#8221;"},"content":{"rendered":"<p>Oggi, 9 maggio, \u00e8 la festa d\u2019Europa ed in questa giornata celebrativa il segretario generale della COMECE (Commissione degli Episcopati della Comunit\u00e0 Europea) Padre Olivier Poquillon ha sottolineato come le Conferenze Episcopali dei diversi Paesi europei invitino i cristiani a impegnarsi in politica. \u201cUna politica &#8211; .ha aggiunto padre Poquillon \u2013 che non si limiti ad agire solo con l\u2019intento di vincere le prossime elezioni, ma che si ponga al servizio del Paese, che non abbia come scopo il potere ma piuttosto il bene comune e che mostri uno sguardo internazionale\u201d. Un invito rivolto a tutti, specialmente ai giovani, perch\u00e9 dedichino tempo ed energie per realizzare una buona politica.  Il  segretario della COMECE, parlando di Europa,  ha detto che si trova a un tornante e che pu\u00f2 ricomporsi oppure frantumarsi e che la Chiesa cattolica lo considera un momento fondamentale, cruciale, per la costruzione della pace e della solidariet\u00e0 tra i popoli e gli Stati.<br \/>\nLa festa d\u2019Europa ricorda quel che accadde il 9 di maggio del 1950 quando l\u2019allora ministro degli Esteri francese, Robert Schuman, cattolico, rendeva nota la \u201cDichiarazione\u201d alla quale si fa risalire l\u2019avvio del processo di integrazione europea. Si era a pochi anni di distanza dal termine della seconda guerra mondiale e Schuman aveva affermato: \u201cLa pace mondiale non potr\u00e0 essere salvaguardata se non con sforzi creativi, proporzionali ai pericoli che la minacciano. Il contributo che un\u2019Europa organizzata e vitale pu\u00f2 apportare alla civilt\u00e0 \u00e8 indispensabile per il mantenimento di relazioni pacifiche\u2026 L\u2019Europa non potr\u00e0 farsi in una sola volta, n\u00e9 sar\u00e0 costruita tutta insieme; essa sorger\u00e0 da realizzazioni concrete che creino anzitutto una solidariet\u00e0 di fatto\u201d.<\/p>\n","protected":false},"excerpt":{"rendered":"<p>Il 9 di maggio del 1950, con la dichiarazione  dell&#8217;allora ministro degli Esteri francesi, Schumann, si gettavano le basi per il cammino verso l&#8217;Uione Europea. Oggi, festa d&#8217;Europa, le conferenze episcopali europee ribadiscono l&#8217;invito ai cristiani, soprattutto ai giovani, di impegnarsi nella buona politica. <\/p>\n","protected":false},"author":1,"featured_media":17138,"comment_status":"open","ping_status":"open","sticky":false,"template":"","format":"standard","meta":{"_acf_changed":false,"footnotes":""},"categories":[5],"tags":[27,12],"class_list":["post-17133","post","type-post","status-publish","format-standard","has-post-thumbnail","hentry","category-chiesa","tag-evidenza","tag-primo-piano"],"acf":[],"images":{"thumbnail":"https:\/\/www.telepace.it\/wp-content\/uploads\/2017\/05\/parlamento-europeo-150x150.jpg","medium":"https:\/\/www.telepace.it\/wp-content\/uploads\/2017\/05\/parlamento-europeo-300x201.jpg","full":"https:\/\/www.telepace.it\/wp-content\/uploads\/2017\/05\/parlamento-europeo.jpg"},"_links":{"self":[{"href":"https:\/\/www.telepace.it\/api\/wp\/v2\/posts\/17133","targetHints":{"allow":["GET"]}}],"collection":[{"href":"https:\/\/www.telepace.it\/api\/wp\/v2\/posts"}],"about":[{"href":"https:\/\/www.telepace.it\/api\/wp\/v2\/types\/post"}],"author":[{"embeddable":true,"href":"https:\/\/www.telepace.it\/api\/wp\/v2\/users\/1"}],"replies":[{"embeddable":true,"href":"https:\/\/www.telepace.it\/api\/wp\/v2\/comments?post=17133"}],"version-history":[{"count":0,"href":"https:\/\/www.telepace.it\/api\/wp\/v2\/posts\/17133\/revisions"}],"wp:featuredmedia":[{"embeddable":true,"href":"https:\/\/www.telepace.it\/api\/wp\/v2\/media\/17138"}],"wp:attachment":[{"href":"https:\/\/www.telepace.it\/api\/wp\/v2\/media?parent=17133"}],"wp:term":[{"taxonomy":"category","embeddable":true,"href":"https:\/\/www.telepace.it\/api\/wp\/v2\/categories?post=17133"},{"taxonomy":"post_tag","embeddable":true,"href":"https:\/\/www.telepace.it\/api\/wp\/v2\/tags?post=17133"}],"curies":[{"name":"wp","href":"https:\/\/api.w.org\/{rel}","templated":true}]}}