{"id":17774,"date":"2017-06-16T15:26:28","date_gmt":"2017-06-16T13:26:28","guid":{"rendered":"http:\/\/www.telepace.com\/?p=17774"},"modified":"2017-06-16T15:26:28","modified_gmt":"2017-06-16T13:26:28","slug":"famiglia-e-lavoro-per-verona","status":"publish","type":"post","link":"https:\/\/www.telepace.it\/famiglia-e-lavoro-per-verona\/","title":{"rendered":"FAMIGLIA E LAVORO PER VERONA"},"content":{"rendered":"<p>In un apposito messaggio, il vescovo Mons. Giuseppe Zenti interviene  in vista del ballottaggio per le elezioni amministrative che si terr\u00e0 domenica 25 giugno, rivolgendosi ai veronesi e richiamando alcuni principi base da considerare. In particolare invita i politici a mettere al centro due priorit\u00e0 per il bene della citt\u00e0: la famiglia e il lavoro. Parlando delle criticit\u00e0 &#8216;Alludo in primo luogo alle famiglie &#8211; scrive Zenti &#8211; allo stato di disperazione per disoccupazione o in pesanti difficolt\u00e0 nella gestione di figli gravemente disabili. Qui non c&#8217;entrano i partiti inficiati di ideologia. C&#8217;entra il buon senso&#8217;.<br \/>\nLasciando piena libert\u00e0 di voto nel confrontro tra i due candidati sindaco, Sboarina &#8211; Bisinella, Zenti  sottolinea l&#8217;importanza di agire per il bene comune della citt\u00e0 &#8216;facendo vincere Verona tutta intera&#8217; per &#8216;&#8230;correre insieme verso l&#8217;obiettivo del bene comune di Verona&#8217; e in particolare sottolineando la priorit\u00e0 di un assessorato alla famiglia. &#8216;Auspichiamo &#8211; cos\u00ec conclude il suo intervento &#8211; una amministrazione incorruttibile, in umile e competente servizio dell&#8217;intera cittadinanza&#8217;.<\/p>\n","protected":false},"excerpt":{"rendered":"<p>In un apposito messaggio, il vescovo Mons. Giuseppe Zenti interviene in vista del ballottaggio per le elezioni amministrative che si terr\u00e0 domenica 25 giugno, rivolgendosi ai veronesi e richiamando alcuni principi base da considerare. In particolare invita i politici a mettere al centro due priorit\u00e0 per il bene della citt\u00e0: la famiglia e il lavoro. [&hellip;]<\/p>\n","protected":false},"author":1,"featured_media":1708,"comment_status":"open","ping_status":"open","sticky":false,"template":"","format":"standard","meta":{"_acf_changed":false,"footnotes":""},"categories":[5],"tags":[12],"class_list":["post-17774","post","type-post","status-publish","format-standard","has-post-thumbnail","hentry","category-chiesa","tag-primo-piano"],"acf":[],"images":{"thumbnail":"https:\/\/www.telepace.it\/wp-content\/uploads\/2014\/05\/Vescovo-Zenti-Ok-150x150.jpg","medium":"https:\/\/www.telepace.it\/wp-content\/uploads\/2014\/05\/Vescovo-Zenti-Ok-300x199.jpg","full":"https:\/\/www.telepace.it\/wp-content\/uploads\/2014\/05\/Vescovo-Zenti-Ok.jpg"},"_links":{"self":[{"href":"https:\/\/www.telepace.it\/api\/wp\/v2\/posts\/17774","targetHints":{"allow":["GET"]}}],"collection":[{"href":"https:\/\/www.telepace.it\/api\/wp\/v2\/posts"}],"about":[{"href":"https:\/\/www.telepace.it\/api\/wp\/v2\/types\/post"}],"author":[{"embeddable":true,"href":"https:\/\/www.telepace.it\/api\/wp\/v2\/users\/1"}],"replies":[{"embeddable":true,"href":"https:\/\/www.telepace.it\/api\/wp\/v2\/comments?post=17774"}],"version-history":[{"count":0,"href":"https:\/\/www.telepace.it\/api\/wp\/v2\/posts\/17774\/revisions"}],"wp:featuredmedia":[{"embeddable":true,"href":"https:\/\/www.telepace.it\/api\/wp\/v2\/media\/1708"}],"wp:attachment":[{"href":"https:\/\/www.telepace.it\/api\/wp\/v2\/media?parent=17774"}],"wp:term":[{"taxonomy":"category","embeddable":true,"href":"https:\/\/www.telepace.it\/api\/wp\/v2\/categories?post=17774"},{"taxonomy":"post_tag","embeddable":true,"href":"https:\/\/www.telepace.it\/api\/wp\/v2\/tags?post=17774"}],"curies":[{"name":"wp","href":"https:\/\/api.w.org\/{rel}","templated":true}]}}