{"id":23492,"date":"2018-06-25T10:25:04","date_gmt":"2018-06-25T08:25:04","guid":{"rendered":"http:\/\/www.telepace.com\/?p=23492"},"modified":"2018-06-25T10:25:04","modified_gmt":"2018-06-25T08:25:04","slug":"francesco-visita-durante-e-dopo-di-noi","status":"publish","type":"post","link":"https:\/\/www.telepace.it\/francesco-visita-durante-e-dopo-di-noi\/","title":{"rendered":"PAPA FRANCESCO INCORAGGIA IL DOPO DI NOI"},"content":{"rendered":"<p>Papa Francesco ha incontrato a sorpresa domenica 24 giugno  circa duecento persone legate alla Cooperativa OSA, Operatori Sanitari Associati al Casale 4.5, a Roma.<br \/>\nCome precisato dall&#8217;OSA, al Papa \u00e8 stato raccontato il Progetto  &#8216;Durante e dopo di Noi. Casa OSA&#8217;, una realt\u00e0 di housing solidale per le persone con disabilit\u00e0 grave in vista di una loro autonomia abitativa nella fase di emancipazione dal nucleo familiare originario, in particolare quando i genitori e i parenti non ci saranno pi\u00f9. Il Papa si \u00e8 intrattenuto per un paio d&#8217;ore con le persone ospitate, le famiglie e gli operatori, incoraggiandoli nell&#8217;opera che stanno portando avanti per migliorare la vita e le prospettive delle persone assistite. Il Santo Padre \u00e8 stato accolto con grande affetto e calore e ha voluto invitare i presenti a saper sognare in grande per poter realizzare un&#8217;assistenza e progetti a favore delle persone in difficolt\u00e0 creando una collaborazione tra assistenti e assistiti. OSA \u00e8 una cooperativa sociale con circa 3700 soci lavoratori e in Italia segue circa 50 mila persone con difficolt\u00e0 e fragilit\u00e0.<\/p>\n","protected":false},"excerpt":{"rendered":"<p>Papa Francesco ha incontrato a sorpresa domenica 24 giugno al Casale 4.5 circa duecento persone legate alla Cooperativa OSA.  <\/p>\n","protected":false},"author":1,"featured_media":20183,"comment_status":"open","ping_status":"open","sticky":false,"template":"","format":"standard","meta":{"_acf_changed":false,"footnotes":""},"categories":[5,14],"tags":[12],"class_list":["post-23492","post","type-post","status-publish","format-standard","has-post-thumbnail","hentry","category-chiesa","category-giovani","tag-primo-piano"],"acf":[],"images":{"thumbnail":"https:\/\/www.telepace.it\/wp-content\/uploads\/2017\/12\/papa-ambasciatori-150x150.jpg","medium":"https:\/\/www.telepace.it\/wp-content\/uploads\/2017\/12\/papa-ambasciatori-300x212.jpg","full":"https:\/\/www.telepace.it\/wp-content\/uploads\/2017\/12\/papa-ambasciatori.jpg"},"_links":{"self":[{"href":"https:\/\/www.telepace.it\/api\/wp\/v2\/posts\/23492","targetHints":{"allow":["GET"]}}],"collection":[{"href":"https:\/\/www.telepace.it\/api\/wp\/v2\/posts"}],"about":[{"href":"https:\/\/www.telepace.it\/api\/wp\/v2\/types\/post"}],"author":[{"embeddable":true,"href":"https:\/\/www.telepace.it\/api\/wp\/v2\/users\/1"}],"replies":[{"embeddable":true,"href":"https:\/\/www.telepace.it\/api\/wp\/v2\/comments?post=23492"}],"version-history":[{"count":0,"href":"https:\/\/www.telepace.it\/api\/wp\/v2\/posts\/23492\/revisions"}],"wp:featuredmedia":[{"embeddable":true,"href":"https:\/\/www.telepace.it\/api\/wp\/v2\/media\/20183"}],"wp:attachment":[{"href":"https:\/\/www.telepace.it\/api\/wp\/v2\/media?parent=23492"}],"wp:term":[{"taxonomy":"category","embeddable":true,"href":"https:\/\/www.telepace.it\/api\/wp\/v2\/categories?post=23492"},{"taxonomy":"post_tag","embeddable":true,"href":"https:\/\/www.telepace.it\/api\/wp\/v2\/tags?post=23492"}],"curies":[{"name":"wp","href":"https:\/\/api.w.org\/{rel}","templated":true}]}}