{"id":24691,"date":"2018-10-18T10:20:18","date_gmt":"2018-10-18T08:20:18","guid":{"rendered":"https:\/\/www.telepace.it\/verona\/?p=24691"},"modified":"2018-10-18T10:20:18","modified_gmt":"2018-10-18T08:20:18","slug":"in-farmacia-i-vaccini-per-linfluenza","status":"publish","type":"post","link":"https:\/\/www.telepace.it\/in-farmacia-i-vaccini-per-linfluenza\/","title":{"rendered":"IN FARMACIA I VACCINI PER L&#8217;INFLUENZA"},"content":{"rendered":"<p style=\"text-align: left\" align=\"LEFT\"><span style=\"font-size: medium\">Sono arrivati nelle farmacie veronesi i vaccini contro l\u2019influenza per la stagione 2018\/2019. Come raccomandano l\u2019Organizzazione Mondiale della Sanit\u00e0 e il Ministero della Salute sar\u00e0 la copertura vaccinale, oltre alle condizioni climatiche dell\u2019inverno, a determinare l\u2019andamento dell\u2019epidemia. Il consiglio di Federfarma Verona \u00e8 di vaccinarsi quanto prima non solo perch\u00e9 ogni anno il picco varia, ma anche perch\u00e9 la protezione indotta dal vaccino si attiva dopo un paio di settimane dalla sua somministrazione. <\/span><\/p>\n<p style=\"text-align: left\" align=\"LEFT\">\u201c<span style=\"font-size: medium\">L\u2019influenza \u00e8 una malattia respiratoria che si manifesta in forme di diversa gravit\u00e0 e non pu\u00f2 essere sottovalutata n\u00e8 la prevenzione n\u00e9 la cura\u00a0\u00a0&#8211; spiega Marco Bacchini, presidente di Federfarma Verona \u2013. perch\u00e9 pu\u00f2 avere conseguenze anche molto gravi, come riportano i dati della Regione Veneto relativi alla stagione 2017\/2018 dove si evidenziano 10 decessi, due in pi\u00f9 rispetto all\u2019anno precedente, e 64 casi gravi contro i 55 della stagione 2016-2017\u201d.<\/span><\/p>\n<p style=\"text-align: left\" align=\"JUSTIFY\"><span style=\"font-size: medium\">I soggetti pi\u00f9 a rischio sono bambini, anziani, pazienti\u00a0affetti da patologie croniche, specie respiratorie e cardiovascolari, ma tutti siamo esposti ai virus influenzali. I cittadini che non hanno diritto alla vaccinazione gratuita (presso le strutture sanitarie ed i Medici di medicina generale) possono\u00a0acquistare il vaccino previa \u00a0presentazione di ricetta medica in farmacia, dove si possono ricevere tutte le informazioni sanitarie sui medicinali.<\/span><\/p>\n","protected":false},"excerpt":{"rendered":"<p>Sono arrivati nelle farmacie veronesi i vaccini contro l\u2019influenza per la stagione 2018\/2019. Come raccomandano l\u2019Organizzazione Mondiale della Sanit\u00e0 e il Ministero della Salute sar\u00e0 la copertura vaccinale, oltre alle condizioni climatiche dell\u2019inverno, a determinare l\u2019andamento dell\u2019epidemia. Il consiglio di Federfarma Verona \u00e8 di vaccinarsi quanto prima non solo perch\u00e9 ogni anno il picco varia, [&hellip;]<\/p>\n","protected":false},"author":1,"featured_media":3482,"comment_status":"closed","ping_status":"closed","sticky":false,"template":"","format":"standard","meta":{"_acf_changed":false,"footnotes":""},"categories":[65],"tags":[139],"class_list":["post-24691","post","type-post","status-publish","format-standard","has-post-thumbnail","hentry","category-salute","tag-redazione-verona"],"acf":[],"images":{"thumbnail":"https:\/\/www.telepace.it\/wp-content\/uploads\/2014\/09\/Farmacia-150x150.jpg","medium":"https:\/\/www.telepace.it\/wp-content\/uploads\/2014\/09\/Farmacia-300x229.jpg","full":"https:\/\/www.telepace.it\/wp-content\/uploads\/2014\/09\/Farmacia.jpg"},"_links":{"self":[{"href":"https:\/\/www.telepace.it\/api\/wp\/v2\/posts\/24691","targetHints":{"allow":["GET"]}}],"collection":[{"href":"https:\/\/www.telepace.it\/api\/wp\/v2\/posts"}],"about":[{"href":"https:\/\/www.telepace.it\/api\/wp\/v2\/types\/post"}],"author":[{"embeddable":true,"href":"https:\/\/www.telepace.it\/api\/wp\/v2\/users\/1"}],"replies":[{"embeddable":true,"href":"https:\/\/www.telepace.it\/api\/wp\/v2\/comments?post=24691"}],"version-history":[{"count":0,"href":"https:\/\/www.telepace.it\/api\/wp\/v2\/posts\/24691\/revisions"}],"wp:featuredmedia":[{"embeddable":true,"href":"https:\/\/www.telepace.it\/api\/wp\/v2\/media\/3482"}],"wp:attachment":[{"href":"https:\/\/www.telepace.it\/api\/wp\/v2\/media?parent=24691"}],"wp:term":[{"taxonomy":"category","embeddable":true,"href":"https:\/\/www.telepace.it\/api\/wp\/v2\/categories?post=24691"},{"taxonomy":"post_tag","embeddable":true,"href":"https:\/\/www.telepace.it\/api\/wp\/v2\/tags?post=24691"}],"curies":[{"name":"wp","href":"https:\/\/api.w.org\/{rel}","templated":true}]}}