{"id":26156,"date":"2019-12-06T21:54:59","date_gmt":"2019-12-06T20:54:59","guid":{"rendered":"https:\/\/www.telepace.it\/?p=26156"},"modified":"2021-01-15T15:07:25","modified_gmt":"2021-01-15T14:07:25","slug":"appuntamenti-di-dicembre-2019-3","status":"publish","type":"post","link":"https:\/\/www.telepace.it\/appuntamenti-di-dicembre-2019-3\/","title":{"rendered":"Appuntamenti di Dicembre 2019-3"},"content":{"rendered":"<h2 style=\"text-align: center\"><span style=\"color: #ff0000\">BUON NATALE!<\/span><\/h2>\n<p><img loading=\"lazy\" decoding=\"async\" class=\"aligncenter wp-image-26170 size-medium\" src=\"https:\/\/telepace.it\/wp-content\/uploads\/2019\/12\/Presepe-300x200.jpeg\" alt=\"\" width=\"300\" height=\"200\" srcset=\"https:\/\/www.telepace.it\/wp-content\/uploads\/2019\/12\/Presepe-300x200.jpeg 300w, https:\/\/www.telepace.it\/wp-content\/uploads\/2019\/12\/Presepe.jpeg 700w\" sizes=\"auto, (max-width: 300px) 100vw, 300px\" \/><\/p>\n<p style=\"text-align: center\">La gioia del Natale sta dinanzi a noi. Ancora una volta con la Chiesa sparsa nel mondo intero, nella notte del 24 dicembre, andremo ad annunciare agli uomini e alle donne di buona volont\u00e0 la buona novella che gli Angeli, duemila anni fa, portarono ai pastori: \u201cNon temete: ecco, vi annuncio una grande gioia, che sar\u00e0 di tutto il popolo: oggi, nella citt\u00e0 di Davide, \u00e8 nato per voi un Salvatore, che \u00e8 Cristo Signore. Questo per voi il segno: troverete un bambino avvolto in fasce, adagiato in una mangiatoia\u201d (Luca 2, 10-12). Queste parole riempiano il nostro cuore di gioia&#8230; no, non dobbiamo temere, non dobbiamo avere paura, Dio si \u00e8 fatto bambino, per venire ad incontrare ciascuno di noi, l\u2019Emmanuele, il Dio-con-noi. A tutti l\u2019augurio che questo annuncio possa veramente risuonare nei nostri cuori, nelle nostre famiglie, nelle nostre comunit\u00e0. Buon Natale a tutta la grande famiglia di Radiopace e Telepace.<\/p>\n<p><a href=\"https:\/\/telepace.it\/iscrizione-newsletter\/\">ISCRIVITI ALLA NEWSLETTER<\/a><\/p>\n<p><strong>Marted\u00ec 24 dicembre 2019<\/strong><\/p>\n<p>ore 16.00\u00a0\u00a0\u00a0 Santo Rosario. Per tutta l\u2019Ottava del Natale: misteri della gioia<\/p>\n<p>ore 16.30\u00a0\u00a0\u00a0 dalla chiesa di Santo Stefano degli Abissini nella Citt\u00e0 del Vaticano<\/p>\n<p>\u201cIl popolo che camminava nelle tenebre&#8230; vide una grande luce\u201d<\/p>\n<p>Bambini ai margini e poveri nella citt\u00e0 di Roma.<\/p>\n<p>Testimonianze, contributi video e riflessioni<\/p>\n<p>ore 18.35\u00a0\u00a0\u00a0 <strong>TELEPACE VERONA<\/strong> Admirabile signum. Lettera Apostolica di Papa Francesco<\/p>\n<p>ore 19.30\u00a0\u00a0\u00a0 <strong>TELEPACE VERONA <\/strong>Il Natale di Radolph e Frosty, film di animazione<\/p>\n<p>ore 21.25\u00a0\u00a0\u00a0 in diretta dalla Basilica Vaticana di San Pietro<\/p>\n<p>Santa Messa nella Notte di Natale. Presiede Papa Francesco<\/p>\n<p>ore 23.30\u00a0\u00a0\u00a0 in diretta dal Santuario di Loreto<\/p>\n<p>Veglia di preghiera nella Notte Santa, nell\u2019Anno Giubilare Lauretano<\/p>\n<p>ore 00.00\u00a0\u00a0\u00a0 in diretta dal Santuario di Loreto<\/p>\n<p>Santa Messa nella Notte di Natale<\/p>\n<p><strong>\u00a0<\/strong><\/p>\n<p><strong>Mercoled\u00ec 25 dicembre 2019<\/strong><\/p>\n<p>ore 09.30\u00a0\u00a0\u00a0 <strong>TELEPACE VERONA<\/strong> Admirabile signum. Lettera Apostolica di Papa Francesco (R 13.30)<\/p>\n<p>ore 10.00\u00a0\u00a0\u00a0 in diretta dal Santuario di Loreto<\/p>\n<p>Santa Messa del giorno nella solennit\u00e0 del Natale del Signore<\/p>\n<p>ore 11.55\u00a0\u00a0\u00a0 in diretta da Piazza San Pietro:<\/p>\n<p>Messaggio e Benedizione \u201cUrbi et Orbi\u201d con Papa Francesco<\/p>\n<p>ore 12.30\u00a0\u00a0\u00a0 <strong>TELEPACE VERONA<\/strong> Attesa e gioia: il miracolo della vita.<\/p>\n<p>Concerto con il gruppo \u201cOn the river\u201d<\/p>\n<p>ore 14.00\u00a0\u00a0\u00a0 in diretta dagli studi di Telepace di Cerna (Vr):<\/p>\n<p><strong>\u201cE vide una grande una luce\u201d<\/strong>. Testimonianze e auguri. In studio don Guido Todeschini<\/p>\n<p>ore 16.00\u00a0\u00a0\u00a0 in diretta dal Santuario Maria Stella dell\u2019Evangelizzazione in Cerna (Vr)<\/p>\n<p>Santa Messa nella solennit\u00e0 del Natale. Presiede Mons. Bruno Fasani<\/p>\n<p>ore 16.50 \u00a0\u00a0 in diretta dagli studi di Telepace di Cerna (Vr):<\/p>\n<p><strong>\u201cE vide una grande una luce\u201d<\/strong>. Testimonianze e auguri. In studio don Guido Todeschini<\/p>\n<p>ore 20.30\u00a0\u00a0\u00a0 dalla Basilica di San Zeno in Verona:<br \/>\nConcerto di Natale con il gruppo ritmico vocale Chorus<\/p>\n<p>ore 21.15\u00a0\u00a0\u00a0 Greccio al cuore del Natale<\/p>\n<p>ore 22.10\u00a0\u00a0\u00a0 <strong>TELEPACE VERONA<\/strong> Admirabile signum. Lettera Apostolica di Papa Francesco<\/p>\n<p>&nbsp;<\/p>\n<p><strong>Gioved\u00ec 26 dicembre 2019<\/strong><\/p>\n<p>ore 10.00 \u00a0\u00a0 in diretta dagli studi di Telepace di Cerna (Vr):<\/p>\n<p><strong>\u201cE vide una grande una luce\u201d<\/strong>. In studio don Guido Todeschini<\/p>\n<p>ore 11.55\u00a0\u00a0\u00a0 in diretta da piazza San Pietro: Angelus con Papa Francesco<\/p>\n<p>ore 20.30\u00a0\u00a0\u00a0 <strong>TELEPACE VERONA<\/strong> Jingle bells. Film di animazione<\/p>\n<p>ore 21.20\u00a0\u00a0\u00a0 <strong>TELEPACE VERONA<\/strong> Attesa e gioia: il miracolo della vita.<\/p>\n<p>&nbsp;<\/p>\n<p><strong>Venerd\u00ec 27 dicembre 2019<\/strong><\/p>\n<p>ore 20.30\u00a0\u00a0\u00a0 in diretta dagli studi di Telepace di Cerna (Vr):<\/p>\n<p><strong>\u201cE vide una grande una luce\u201d<\/strong>. In studio don Guido Todeschini<\/p>\n<p><strong>\u00a0<\/strong><\/p>\n<p><strong>Sabato 28 dicembre 2019<\/strong><\/p>\n<p>ore 18.30\u00a0\u00a0\u00a0 <strong>TELEPACE VERONA<\/strong>: Il fatto [<strong><u>R<\/u><\/strong> dom 19 e 23.50]<\/p>\n<p>ore 19.00\u00a0\u00a0\u00a0 <strong>TELEPACE ROMA<\/strong>: Il fatto [<strong>R<\/strong> dom 23.50 mar 15.25 mer 11.20]<\/p>\n<p>ore 21.00 \u00a0\u00a0 in diretta dal Santuario di Loreto: <strong>Santo rosario con processione<\/strong><\/p>\n<p><strong>\u00a0<\/strong><\/p>\n<p><strong>Domenica 29 Dicembre 2019<\/strong><\/p>\n<p>ore 10.00 \u00a0\u00a0 in diretta dal Santuario di Loreto: <strong>Santa Messa<\/strong><\/p>\n<p>ore 12.00 \u00a0\u00a0 in diretta da Piazza San Pietro: <strong>Angelus<\/strong> con Papa Francesco<\/p>\n<p>ore 20.30 \u00a0\u00a0 <strong>TELEPACE VERONA<\/strong>: Andar per ville [<strong><u>R<\/u><\/strong> lun 18.30 &#8211; mar 23.05 e sab 19.30]<\/p>\n<p><strong>\u00a0<\/strong><\/p>\n<p><strong>Luned\u00ec 30 Dicembre 2019<\/strong><\/p>\n<p>ore 10.30 \u00a0\u00a0 in diretta dagli studi di Telepace di Cerna (Vr):<\/p>\n<p><strong>\u201cE vide una grande una luce\u201d<\/strong>. In studio don Guido Todeschini<\/p>\n<p>&nbsp;<\/p>\n<p><strong>Marted\u00ec 31 Dicembre 2019<\/strong><\/p>\n<p>ore 16.55\u00a0\u00a0\u00a0 in diretta dalla Basilica Vaticana di San Pietro<\/p>\n<p>Primi Vespri nella Solennit\u00e0 di Maria Santissima Madre di Dio, canto del Te Deum<\/p>\n<p>Adorazione e benedizione eucaristica presieduti da Papa Francesco<\/p>\n<p>a seguire\u00a0\u00a0\u00a0 in diretta da Piazza San Pietro: Visita di Papa Francesco al Presepe<\/p>\n<p>ore 20.30\u00a0\u00a0\u00a0 in diretta dal Palazzo del Quirinale in Roma<\/p>\n<p><strong>Messaggio di fine Anno del Capo dello Stato, Sergio Mattarella<\/strong><\/p>\n<p>ore 21.00\u00a0\u00a0\u00a0 365. Un anno in immagini<\/p>\n<p>ore 23.15\u00a0\u00a0\u00a0 in diretta dal Santuario Maria Stella dell\u2019Evangelizzazione in Cerna (Vr): <strong>Santa Messa<\/strong><\/p>\n<p><strong>\u00a0<\/strong><\/p>\n<p><strong>Mercoled\u00ec 01 gennaio 2020<\/strong><\/p>\n<p>ore 00.01\u00a0\u00a0 in diretta dal Santuario Maria Stella dell\u2019Evangelizzazione in Cerna (Vr):<\/p>\n<p>Solenne Tenda di Pace nella 53^ Giornata Mondiale della Pace<\/p>\n<p>ore 07.00\u00a0\u00a0 in diretta dal Santuario Maria Stella dell\u2019Evangelizzazione in Cerna (Vr): <strong>Santa Messa<\/strong><\/p>\n<p>ore 09.55\u00a0\u00a0 in diretta dalla Basilica Vaticana di San Pietro:<\/p>\n<p>Santa Messa presieduta da Papa Francesco<\/p>\n<p>ore 11.55\u00a0\u00a0 in diretta da Piazza San Pietro: Angelus con Papa Francesco<\/p>\n<p>ore 17.00\u00a0\u00a0 365. Un anno in immagini<\/p>\n<p>ore 20.30\u00a0\u00a0\u00a0 dalla Basilica di San Zeno in Verona:<br \/>\nConcerto di Natale con il gruppo ritmico vocale Chorus<\/p>\n<p>ore 21.15\u00a0\u00a0 Greccio al cuore del Natale<\/p>\n<p>&nbsp;<\/p>\n<p><strong>Gioved\u00ec 02 gennaio 2020<\/strong><\/p>\n<p>ore 10.00\u00a0\u00a0\u00a0 dalla chiesa di Santo Stefano degli Abissini nella Citt\u00e0 del Vaticano<\/p>\n<p>\u201cIl popolo che camminava nelle tenebre&#8230; vide una grande luce\u201d<\/p>\n<p>Bambini ai margini e poveri nella citt\u00e0 di Roma.<\/p>\n<p>Testimonianze, contributi video e riflessioni<\/p>\n<p>&nbsp;<\/p>\n<p><strong>da luned\u00ec a sabato<\/strong><\/p>\n<p>ore 07.30 \u00a0\u00a0 in diretta dalla Santa Casa di Loreto: Santa Messa del giorno<\/p>\n<p>ore 08.00 \u00a0\u00a0 <strong>TELEPACE VERONA <\/strong>Preghiera delle lodi<\/p>\n<p>ore 09.00 \u00a0\u00a0 in diretta dalla Cappellina San Giovanni Paolo II in TP Roma: Santa Messa del giorno<\/p>\n<p>ore 12.00 \u00a0\u00a0 dalla Santa Casa di Loreto: preghiera dell\u2019Angelus<\/p>\n<p>ore 15.00 \u00a0\u00a0 in diretta dalla Chiesa di Santo Spirito in Sassia in Roma:<\/p>\n<p>Coroncina alla Divina Misericordia<\/p>\n<p>ore 17.00 \u00a0\u00a0 <strong>TELEPACE VERONA <\/strong>Preghiera dei Vespri.<\/p>\n","protected":false},"excerpt":{"rendered":"<p>BUON NATALE! La gioia del Natale sta dinanzi a noi. Ancora una volta con la Chiesa sparsa nel mondo intero, nella notte del 24 dicembre, andremo ad annunciare agli uomini e alle donne di buona volont\u00e0 la buona novella che gli Angeli, duemila anni fa, portarono ai pastori: \u201cNon temete: ecco, vi annuncio una grande [&hellip;]<\/p>\n","protected":false},"author":14,"featured_media":26136,"comment_status":"closed","ping_status":"closed","sticky":false,"template":"","format":"standard","meta":{"_acf_changed":false,"footnotes":""},"categories":[60],"tags":[],"class_list":["post-26156","post","type-post","status-publish","format-standard","has-post-thumbnail","hentry","category-telepace"],"acf":[],"images":{"thumbnail":"https:\/\/www.telepace.it\/wp-content\/uploads\/2019\/11\/newsletter-1-150x150.png","medium":"https:\/\/www.telepace.it\/wp-content\/uploads\/2019\/11\/newsletter-1-300x192.png","full":"https:\/\/www.telepace.it\/wp-content\/uploads\/2019\/11\/newsletter-1.png"},"_links":{"self":[{"href":"https:\/\/www.telepace.it\/api\/wp\/v2\/posts\/26156","targetHints":{"allow":["GET"]}}],"collection":[{"href":"https:\/\/www.telepace.it\/api\/wp\/v2\/posts"}],"about":[{"href":"https:\/\/www.telepace.it\/api\/wp\/v2\/types\/post"}],"author":[{"embeddable":true,"href":"https:\/\/www.telepace.it\/api\/wp\/v2\/users\/14"}],"replies":[{"embeddable":true,"href":"https:\/\/www.telepace.it\/api\/wp\/v2\/comments?post=26156"}],"version-history":[{"count":4,"href":"https:\/\/www.telepace.it\/api\/wp\/v2\/posts\/26156\/revisions"}],"predecessor-version":[{"id":26172,"href":"https:\/\/www.telepace.it\/api\/wp\/v2\/posts\/26156\/revisions\/26172"}],"wp:featuredmedia":[{"embeddable":true,"href":"https:\/\/www.telepace.it\/api\/wp\/v2\/media\/26136"}],"wp:attachment":[{"href":"https:\/\/www.telepace.it\/api\/wp\/v2\/media?parent=26156"}],"wp:term":[{"taxonomy":"category","embeddable":true,"href":"https:\/\/www.telepace.it\/api\/wp\/v2\/categories?post=26156"},{"taxonomy":"post_tag","embeddable":true,"href":"https:\/\/www.telepace.it\/api\/wp\/v2\/tags?post=26156"}],"curies":[{"name":"wp","href":"https:\/\/api.w.org\/{rel}","templated":true}]}}