{"id":26518,"date":"2021-03-18T18:07:17","date_gmt":"2021-03-18T17:07:17","guid":{"rendered":"https:\/\/www.telepace.it\/?p=26518"},"modified":"2021-03-18T18:07:17","modified_gmt":"2021-03-18T17:07:17","slug":"newsletter-n7-marzo-2021","status":"publish","type":"post","link":"https:\/\/www.telepace.it\/newsletter-n7-marzo-2021\/","title":{"rendered":"NewsLetter N\u00b07 Marzo 2021"},"content":{"rendered":"<h1 style=\"text-align: center\"><span style=\"color: #ff0000\"><strong>NewsLetter N\u00b07 Marzo 2021<\/strong><\/span><\/h1>\n<p>Entriamo nell\u2019ultima settimana di quaresima prima di cedere il passo alla Grande Settimana, la Settimana Santa che si aprir\u00e0 con la liturgia della Domenica delle Palme, 28 marzo 2021 [ricordiamo che nella notte entra in vigore l\u2019<strong>ora<\/strong> <strong>legale<\/strong>, le lancette dell\u2019orologio devono essere spostate in avanti di un\u2019ora].<\/p>\n<p><img loading=\"lazy\" decoding=\"async\" class=\"aligncenter wp-image-26521 size-large\" src=\"https:\/\/telepace.it\/wp-content\/uploads\/2021\/03\/Annunciation_Leonardo-1024x497.jpg\" alt=\"\" width=\"1024\" height=\"497\" srcset=\"https:\/\/www.telepace.it\/wp-content\/uploads\/2021\/03\/Annunciation_Leonardo-1024x497.jpg 1024w, https:\/\/www.telepace.it\/wp-content\/uploads\/2021\/03\/Annunciation_Leonardo-300x146.jpg 300w, https:\/\/www.telepace.it\/wp-content\/uploads\/2021\/03\/Annunciation_Leonardo-768x372.jpg 768w, https:\/\/www.telepace.it\/wp-content\/uploads\/2021\/03\/Annunciation_Leonardo-1000x485.jpg 1000w, https:\/\/www.telepace.it\/wp-content\/uploads\/2021\/03\/Annunciation_Leonardo.jpg 1200w\" sizes=\"auto, (max-width: 1024px) 100vw, 1024px\" \/><\/p>\n<p>Questa settimana sar\u00e0 caratterizzata dalla celebrazione della solennit\u00e0 dell\u2019Annunciazione del Signore, gioved\u00ec 25 marzo 2021. Per l\u2019occasione seguiremo alcune dirette particolari riportate di seguito. In questa settimana ricorderemo anche la Giornata dei Missionari Martiri con una veglia in onda il 24 sera, alle ore 21.<\/p>\n<p><img loading=\"lazy\" decoding=\"async\" class=\"aligncenter wp-image-26520 size-large\" src=\"https:\/\/telepace.it\/wp-content\/uploads\/2021\/03\/RitrattodiDante-1024x538.jpg\" alt=\"\" width=\"1024\" height=\"538\" srcset=\"https:\/\/www.telepace.it\/wp-content\/uploads\/2021\/03\/RitrattodiDante-1024x538.jpg 1024w, https:\/\/www.telepace.it\/wp-content\/uploads\/2021\/03\/RitrattodiDante-300x158.jpg 300w, https:\/\/www.telepace.it\/wp-content\/uploads\/2021\/03\/RitrattodiDante-768x403.jpg 768w, https:\/\/www.telepace.it\/wp-content\/uploads\/2021\/03\/RitrattodiDante-1000x525.jpg 1000w, https:\/\/www.telepace.it\/wp-content\/uploads\/2021\/03\/RitrattodiDante.jpg 1200w\" sizes=\"auto, (max-width: 1024px) 100vw, 1024px\" \/><\/p>\n<p>Nel giorno dedicato a Dante Alighieri (25 marzo\/Dante<strong><u>d\u00ec<\/u><\/strong>) nel <strong>settecentesimo anniversario della morte del Sommo Poeta, alle ore 21 potremo seguire una serata speciale a lui dedicata.<\/strong><\/p>\n<h2 style=\"text-align: center\">\u00a0<span style=\"color: #ff0000\">QUARESIMA IN FAMIGLIA<\/span><\/h2>\n<p>Ogni sera sul video apparir\u00e0 il codice \u201c<strong>qr<\/strong>\u201d che ti permette, con il cellulare, di accedere al testo della preghiera del giorno.<\/p>\n<p><img loading=\"lazy\" decoding=\"async\" class=\"alignnone size-medium wp-image-26452 aligncenter\" src=\"https:\/\/telepace.it\/wp-content\/uploads\/2021\/02\/Generale-300x300.png\" alt=\"\" width=\"300\" height=\"300\" srcset=\"https:\/\/www.telepace.it\/wp-content\/uploads\/2021\/02\/Generale-300x300.png 300w, https:\/\/www.telepace.it\/wp-content\/uploads\/2021\/02\/Generale-150x150.png 150w, https:\/\/www.telepace.it\/wp-content\/uploads\/2021\/02\/Generale-768x768.png 768w, https:\/\/www.telepace.it\/wp-content\/uploads\/2021\/02\/Generale-1024x1024.png 1024w, https:\/\/www.telepace.it\/wp-content\/uploads\/2021\/02\/Generale-1000x1000.png 1000w, https:\/\/www.telepace.it\/wp-content\/uploads\/2021\/02\/Generale.png 1148w\" sizes=\"auto, (max-width: 300px) 100vw, 300px\" \/><\/p>\n<h2 style=\"text-align: center\"><strong>\u00a0<\/strong><span style=\"color: #ff0000\"><strong>DAL LUNED\u00cc AL SABATO<\/strong><\/span><\/h2>\n<ul>\n<li>ore 07.30\u00a0\u00a0 in diretta dalla Santa Casa di Loreto: Santa Messa<\/li>\n<li>ore 09.00\u00a0\u00a0 in diretta dalla Cappellina San Giovanni Paolo II in TP Roma: Santa Messa<\/li>\n<li>ore 12.00\u00a0\u00a0 in diretta dalla Santa Casa di Loreto: Angelus e Santo<\/li>\n<li>ore 16.00\u00a0\u00a0 dalla Santa Casa di Loreto: Santo Rosario<\/li>\n<li>ore 16.30\u00a0\u00a0 in diretta dalla Cappellina San Giovanni Paolo II in TP Roma: Adorazione\u00a0non il sabato<\/li>\n<li>ore 19.30\u00a0\u00a0 in diretta dalla Cappellina delle Apparizioni di Fatima: Santo Rosario\u00a0non il sabato<\/li>\n<\/ul>\n<h2 style=\"text-align: center\"><strong>\u00a0<\/strong><span style=\"color: #ff0000\"><strong>SETTIMANA dal 14 al 20 Marzo 2021<\/strong><\/span><\/h2>\n<h3><span style=\"color: #0000ff\"><strong>DOMENICA 21 MARZO 2021<\/strong><\/span><\/h3>\n<ul>\n<li>ore 10.00\u00a0\u00a0 in diretta dal Santuario della Santa Casa di Loreto: <strong>Santa Messa<\/strong><\/li>\n<li>ore 11.40\u00a0 Quaresima con l\u2019arte [Roma &#8211; R 20.40]<\/li>\n<li>ore 11.55\u00a0\u00a0 in diretta da piazza San Pietro: <strong>Angelus<\/strong> con Papa Francesco<\/li>\n<li>ore 20.00 Schermi &amp; schermi. I film della settimana [Roma]<\/li>\n<\/ul>\n<h3><span style=\"color: #0000ff\"><strong>LUNED\u00cc \u00a022 MARZO 2021<\/strong><\/span><\/h3>\n<ul>\n<li>ore 10.30\u00a0\u00a0 in diretta dagli studi di Telepace in Cerna: <strong>Linea Aperta<\/strong>\u00a0a tu per tu con gli ascoltatori, risponde don Guido Todeschini<\/li>\n<li>ore 13.15\u00a0\u00a0 Schermi &amp; schermi. I film della settimana [Verona]<\/li>\n<li>ore 15.25\u00a0\u00a0 Chiesa ed Europa [Verona]<\/li>\n<li>ore 20.30\u00a0\u00a0 in diretta dagli studi di Telepace di Cerna (VR)<br \/>\n<strong>Andiamo a Gerusalemme<\/strong>, preghiera in famiglia nel tempo di Quaresima<\/li>\n<li>ore 21.00\u00a0\u00a0 <strong>Via Crucis<\/strong> di Carlo Donati. A cura di don Antonio Scattolini<\/li>\n<li>ore 23.00\u00a0\u00a0 Schermi &amp; schermi. I film della settimana [Roma]<\/li>\n<li>ore 23.05\u00a0\u00a0 Lombardia live (riproposta del 17 marzo 2021) [Verona]<\/li>\n<\/ul>\n<h3><strong>\u00a0<\/strong><span style=\"color: #0000ff\"><strong>MARTED\u00cc 23 MARZO 2021<\/strong><\/span><\/h3>\n<ul>\n<li>ore 10.05\u00a0\u00a0 Chiesa ed Europa [Verona]<\/li>\n<li>ore 12.35\u00a0\u00a0 dagli studi di Telepace di Cerna (VR)<br \/>\nAndiamo a Gerusalemme, preghiera in famiglia nel tempo di Quaresima (registrazione della sera precedente).<\/li>\n<li>ore 17.00\u00a0\u00a0 Missione Mondo [Roma]<\/li>\n<li>ore 17.30\u00a0\u00a0 Chiesa ed Europa [Roma]<\/li>\n<li>ore 18.30\u00a0\u00a0 in diretta dagli studi di Telepace di Cerna (VR): <strong>Stiamo insieme<\/strong><\/li>\n<li>ore 20.30\u00a0\u00a0 in diretta dagli studi di Telepace di Cerna (VR)<br \/>\n<strong>Andiamo a Gerusalemme<\/strong>, preghiera in famiglia nel tempo di Quaresima<\/li>\n<li>ore 21.00\u00a0\u00a0 in diretta dal Santuario Maria Stella dell\u2019Evangelizzazione in Cerna (Vr)\u00a0<strong>In preghiera con Telepace per Telepace<\/strong> (I settimana del Salterio\/quaresima)<\/li>\n<\/ul>\n<h3><span style=\"color: #0000ff\"><strong>\u00a0<\/strong><strong>MERCOLED\u00cc 24 MARZO 2021 <\/strong><\/span><\/h3>\n<ul>\n<li>ore 09.10 \u00a0\u00a0in diretta dagli studi di Telepace e dal Palazzo Apostolico\u00a0<strong>I mercoled\u00ec di Papa Francesco.<\/strong>\u00a0Nel corso del programma: \u201cUdienza generale del mercoled\u00ec\u201d (R 21)<\/li>\n<li>ore 11.00\u00a0\u00a0 in diretta dal Santuario della Santa Casa:\u00a0Santa Messa in onore della Patrona dell\u2019Aviazione.<\/li>\n<li>ore 12.35\u00a0\u00a0 dagli studi di Telepace di Cerna (VR)<br \/>\nAndiamo a Gerusalemme, preghiera in famiglia nel tempo di Quaresima (registrazione della sera precedente).<\/li>\n<li>ore 18.30\u00a0\u00a0 in diretta: <strong>Lombardia live<\/strong><\/li>\n<li>ore 20.30\u00a0\u00a0 in diretta dagli studi di Telepace di Cerna (VR)<br \/>\n<strong>Andiamo a Gerusalemme<\/strong>, preghiera in famiglia nel tempo di Quaresima<\/li>\n<li>ore 21.00\u00a0\u00a0 <strong>Vite intrecciate. <\/strong>Veglia di preghiera in occasione della Giornata dei Missionari martiri.<\/li>\n<\/ul>\n<h3><span style=\"color: #0000ff\"><strong>GIOVED\u00cc 25 MARZO 2021<\/strong><\/span><\/h3>\n<ul>\n<li>ore 10.00\u00a0\u00a0 in diretta dagli studi di Telepace in Cerna: <strong>Quanta vita c\u2019\u00e8!<\/strong><\/li>\n<li>ore 12.35\u00a0\u00a0 dagli studi di Telepace di Cerna (VR)<br \/>\nAndiamo a Gerusalemme, preghiera in famiglia nel tempo di Quaresima (registrazione della sera precedente).<\/li>\n<li>ore 14.30\u00a0\u00a0 Lombardia live (riproposta del 24 marzo 2021) [Verona]<\/li>\n<li>ore 18.00\u00a0\u00a0 in diretta dalla Santa Casa di Loreto:\u00a0<strong>Santa Messa nella Solennit\u00e0 dell\u2019Annunciazione del Signore<\/strong>.<\/li>\n<li>ore 20.30\u00a0\u00a0 in diretta dagli studi di Telepace di Cerna (VR)<br \/>\n<strong>Andiamo a Gerusalemme<\/strong>, preghiera in famiglia nel tempo di Quaresima<\/li>\n<li>ore 21.00\u00a0\u00a0 <strong>Dante pellegrino<\/strong>. In occasione del Dante<strong><u>d\u00ec<\/u><\/strong>.<\/li>\n<li>ore 23.05\u00a0\u00a0 Stiamo insieme (riproposta del 23 marzo 2021) [Verona]<\/li>\n<\/ul>\n<h3><span style=\"color: #0000ff\"><strong>\u00a0<\/strong><strong>VENERD\u00cc 26 MARZO 2021<\/strong><\/span><\/h3>\n<ul>\n<li>ore 10.30\u00a0\u00a0 in diretta dagli studi di Telepace in Cerna: <strong>Tempo presente<\/strong><\/li>\n<li>ore 12.35\u00a0\u00a0 dagli studi di Telepace di Cerna (VR)<br \/>\nAndiamo a Gerusalemme, preghiera in famiglia nel tempo di Quaresima (registrazione della sera precedente).<\/li>\n<li>ore 13.30\u00a0\u00a0 Stiamo insieme (riproposta del 23 marzo 2021) [Verona]<\/li>\n<li>ore 14.00\u00a0\u00a0 Missione Mondo [Verona]<\/li>\n<li>ore 15.25\u00a0\u00a0 Via Crucis<\/li>\n<li>ore 20.30\u00a0\u00a0 in diretta dagli studi di Telepace di Cerna (VR)<br \/>\n<strong>Andiamo a Gerusalemme<\/strong>, preghiera in famiglia nel tempo di Quaresima<\/li>\n<li>ore 21.00\u00a0\u00a0 in diretta dagli studi di Telepace in Cerna: <strong>Linea Aperta<\/strong><\/li>\n<\/ul>\n<h3><span style=\"color: #0000ff\"><strong>\u00a0<\/strong><strong>SABATO 27 MARZO 2021<\/strong><\/span><\/h3>\n<ul>\n<li>ore 10.00\u00a0\u00a0 Missione Mondo [Verona]<\/li>\n<li>ore 11.30\u00a0\u00a0 I quaresimali con l\u2019arte [Roma]<\/li>\n<li>ore 12.35\u00a0\u00a0 dagli studi di Telepace di Cerna (VR): Andiamo a Gerusalemme, preghiera in famiglia nel tempo di Quaresima (registrazione).<\/li>\n<li>ore 16.30\u00a0\u00a0 dalla Basilica di Nazareth: Santo Rosario<\/li>\n<li>ore 18.10\u00a0\u00a0 Schermi &amp; schermi. I film della settimana. [Roma]<\/li>\n<li>ore 19.30\u00a0\u00a0 Chiesa ed Europa [Roma]<\/li>\n<li>ore 21.00\u00a0\u00a0 in diretta dal Santuario della Santa Casa di Loreto: <strong>Santo Rosario<\/strong><\/li>\n<li>ore 21.45\u00a0\u00a0 I quaresimali con l\u2019arte [Verona]<\/li>\n<li>ore 22.05\u00a0\u00a0 Chiesa ed Europa [Verona]<\/li>\n<li>ore 23.30\u00a0\u00a0 Schermi &amp; schermi. I film della settimana. [Verona]<\/li>\n<li>ore 23.35\u00a0\u00a0 Missione Mondo [Roma]<\/li>\n<\/ul>\n<p>&nbsp;<\/p>\n<h2 style=\"text-align: center\"><span style=\"color: #ff0000\"><strong>Ogni giorno &#8220;In cammino verso Gerusalemme&#8221;<\/strong><\/span><\/h2>\n<p style=\"text-align: center\"><span style=\"color: #0000ff\">Telepace Roma: ore 14.55 &#8211; 18.55 e 23.00<\/span><\/p>\n<p style=\"text-align: center\"><span style=\"color: #0000ff\">Telepace Verona: ore 14.55 e 23.00<\/span><\/p>\n<p>&nbsp;<\/p>\n<h2 style=\"text-align: center\"><strong><img loading=\"lazy\" decoding=\"async\" class=\"alignnone wp-image-26468\" src=\"https:\/\/telepace.it\/wp-content\/uploads\/2021\/02\/Retro-Radio.png\" alt=\"\" width=\"500\" height=\"377\" srcset=\"https:\/\/www.telepace.it\/wp-content\/uploads\/2021\/02\/Retro-Radio.png 810w, https:\/\/www.telepace.it\/wp-content\/uploads\/2021\/02\/Retro-Radio-300x226.png 300w, https:\/\/www.telepace.it\/wp-content\/uploads\/2021\/02\/Retro-Radio-768x578.png 768w\" sizes=\"auto, (max-width: 500px) 100vw, 500px\" \/>\u00a0<span style=\"color: #ff0000\">\u00a0<\/span><\/strong><\/h2>\n<h2 style=\"text-align: center\"><strong><span style=\"color: #ff0000\"> RADIOPACE<\/span><\/strong><\/h2>\n<p style=\"text-align: center\">Vi invitiamo a scoprire la programmazione di radiopace al link:<\/p>\n<p style=\"text-align: center\"><a href=\"http:\/\/www.telepace.it\/radiopace\"><strong>www.telepace.it\/radiopace<\/strong><\/a><br \/>\nDa qui \u00e8 possibile anche ascoltare live la programmazione oppure puoi andare a questo link sempre per seguire radiopace<\/p>\n<p style=\"text-align: center\"><a href=\"http:\/\/nrf1.newradio.it:10256\/stream\"><strong>http:\/\/nrf1.newradio.it:10256\/stream<\/strong><\/a><\/p>\n<p style=\"text-align: center\">Sempre sul sito potete trovare i vari podcast delle nostre trasmissioni. Cerchiamo di arricchire sempre pi\u00f9 il nostro archivio.<\/p>\n<p style=\"text-align: center\">Da luned\u00ec 1\u00b0 marzo appuntamento con <strong>SELEZIONE MUSICALE<\/strong>. Dalle 15.30 alle 16, tutti i giorni, tranne il venerd\u00ec, trenta minuti di musica secondo il genere proposto.<\/p>\n<p style=\"text-align: center\"><strong>Luned\u00ec<\/strong>: cori; <strong>marted\u00ec<\/strong>: musica per bambini; <strong>mercoled\u00ec<\/strong>: musica d\u2019opera; <strong>gioved\u00ec<\/strong> musica popolare; <strong>sabato<\/strong>: musica italiana e <strong>domenica<\/strong>: musica per un giorno di festa.<\/p>\n<h2 style=\"text-align: center\"><span style=\"color: #ff0000\"><strong>VI SEGNALIAMO<\/strong><\/span><\/h2>\n<ul>\n<li><strong>ogni giorno di Quaresima <\/strong>ore 15.10 In cammino verso Gerusalemme.<\/li>\n<li><strong>Il venerd\u00ec <\/strong>ore 15.20: Via Crucis<\/li>\n<li><strong>Luned\u00ec, marted\u00ec, gioved\u00ec e venerd\u00ec<\/strong> alle ore 9.40 puoi ascoltare <strong>Radiopace conVoi<\/strong> per conoscere i programmi previsti per il giorno.<\/li>\n<li><strong>Il marted\u00ec<\/strong> ore 18.30: <strong>Stiamo insieme<\/strong> (novit\u00e0 dal 23 febbraio).<\/li>\n<li><strong>Da luned\u00ec al venerd\u00ec<\/strong> alle ore 14.30 e alle ore 17.30:\u00a0Chiesa e comunit\u00e0. Quotidiano d\u2019informazione religiosa.<\/li>\n<li><strong>Il sabato<\/strong> alle ore 14.30 e alle ore 21 e la domenica alle ore 8: Ascoltarti \u00e8 una festa.\u00a0Commento alle letture della domenica a cura di don Claudio Doglio<\/li>\n<li><strong>La domenica<\/strong>:\u00a0alle ore 16.00 <strong>Santa Messa<\/strong> in diretta dal Santuario Maria Stella dell\u2019Evangelizzazione\u00a0alle ore 18.30: in diretta dallo studio 1 di Radiopace: <strong>Tornando a casa<\/strong> (R 22.30)<\/li>\n<\/ul>\n<p><strong>\u00a0<\/strong><\/p>\n<p><img loading=\"lazy\" decoding=\"async\" class=\"aligncenter wp-image-26453\" src=\"https:\/\/telepace.it\/wp-content\/uploads\/2021\/02\/Santuario-Restaurato-X-messe-1024x542.jpg\" alt=\"\" width=\"500\" height=\"265\" srcset=\"https:\/\/www.telepace.it\/wp-content\/uploads\/2021\/02\/Santuario-Restaurato-X-messe-1024x542.jpg 1024w, https:\/\/www.telepace.it\/wp-content\/uploads\/2021\/02\/Santuario-Restaurato-X-messe-300x159.jpg 300w, https:\/\/www.telepace.it\/wp-content\/uploads\/2021\/02\/Santuario-Restaurato-X-messe-768x407.jpg 768w, https:\/\/www.telepace.it\/wp-content\/uploads\/2021\/02\/Santuario-Restaurato-X-messe-1000x529.jpg 1000w\" sizes=\"auto, (max-width: 500px) 100vw, 500px\" \/><\/p>\n<h2 style=\"text-align: center\"><span style=\"color: #ff0000\"><strong>_CELEBRAZIONI PROPOSTE AL SANTUARIO_ <\/strong><\/span><\/h2>\n<p style=\"text-align: center\"><strong>\u00a0\u00a0<a href=\"https:\/\/telepace.it\/il-santuario-maria-stella-dellevangelizzazione\/\"> MARIA STELLA DELL\u2019EVANGELIZZAZIONE<\/a><\/strong><\/p>\n<p style=\"text-align: center\">(alcune, come da programmi, trasmesse <strong>in diretta<\/strong> radio)<\/p>\n<h3 style=\"text-align: center\"><span style=\"color: #ff0000\">ogni sabato alle ore 17.00 \u00a0\u00a0\u00a0<\/span><\/h3>\n<p style=\"text-align: center\">Santa Messa nella liturgia festiva domenicale<\/p>\n<p style=\"text-align: center\">dopo la Messa delle 17, nei sabati di Quaresima (20 e 27 febbraio &#8211; 6, 13 e 20 marzo)<\/p>\n<p style=\"text-align: center\"><span style=\"color: #ff0000\"><strong>15 min di ADORAZIONE<\/strong><\/span><\/p>\n<p style=\"text-align: center\">ogni domenica alle ore 16.00<\/p>\n<p style=\"text-align: center\">Santa Messa nella liturgia festiva domenicale (diretta)<\/p>\n<p style=\"text-align: center\">ogni marted\u00ec alle ore 21.00<\/p>\n<p style=\"text-align: center\">In preghiera con Telepace per Telepace (diretta)<\/p>\n<h2 style=\"text-align: center\"><a href=\"https:\/\/telepace.it\/wp-content\/uploads\/2021\/03\/NewsLetter_7_200321.pdf\">VERSIONE STAMPABILE<\/a><\/h2>\n<p><!-- [if (gte mso 9)|(IE)]&gt;--><\/p>\n<p>&nbsp;<\/p>\n","protected":false},"excerpt":{"rendered":"<p>NewsLetter N\u00b07 Marzo 2021 Entriamo nell\u2019ultima settimana di quaresima prima di cedere il passo alla Grande Settimana, la Settimana Santa che si aprir\u00e0 con la liturgia della Domenica delle Palme, 28 marzo 2021 [ricordiamo che nella notte entra in vigore l\u2019ora legale, le lancette dell\u2019orologio devono essere spostate in avanti di un\u2019ora]. Questa settimana sar\u00e0 [&hellip;]<\/p>\n","protected":false},"author":14,"featured_media":0,"comment_status":"closed","ping_status":"closed","sticky":false,"template":"","format":"standard","meta":{"_acf_changed":false,"footnotes":""},"categories":[1],"tags":[],"class_list":["post-26518","post","type-post","status-publish","format-standard","hentry","category-senza-categoria"],"acf":[],"images":false,"_links":{"self":[{"href":"https:\/\/www.telepace.it\/api\/wp\/v2\/posts\/26518","targetHints":{"allow":["GET"]}}],"collection":[{"href":"https:\/\/www.telepace.it\/api\/wp\/v2\/posts"}],"about":[{"href":"https:\/\/www.telepace.it\/api\/wp\/v2\/types\/post"}],"author":[{"embeddable":true,"href":"https:\/\/www.telepace.it\/api\/wp\/v2\/users\/14"}],"replies":[{"embeddable":true,"href":"https:\/\/www.telepace.it\/api\/wp\/v2\/comments?post=26518"}],"version-history":[{"count":2,"href":"https:\/\/www.telepace.it\/api\/wp\/v2\/posts\/26518\/revisions"}],"predecessor-version":[{"id":26524,"href":"https:\/\/www.telepace.it\/api\/wp\/v2\/posts\/26518\/revisions\/26524"}],"wp:attachment":[{"href":"https:\/\/www.telepace.it\/api\/wp\/v2\/media?parent=26518"}],"wp:term":[{"taxonomy":"category","embeddable":true,"href":"https:\/\/www.telepace.it\/api\/wp\/v2\/categories?post=26518"},{"taxonomy":"post_tag","embeddable":true,"href":"https:\/\/www.telepace.it\/api\/wp\/v2\/tags?post=26518"}],"curies":[{"name":"wp","href":"https:\/\/api.w.org\/{rel}","templated":true}]}}