{"id":28980,"date":"2019-12-11T16:18:33","date_gmt":"2019-12-11T15:18:33","guid":{"rendered":"https:\/\/www.telepace.it\/verona\/?p=28980"},"modified":"2019-12-11T16:18:33","modified_gmt":"2019-12-11T15:18:33","slug":"giovani-ed-economia","status":"publish","type":"post","link":"https:\/\/www.telepace.it\/giovani-ed-economia\/","title":{"rendered":"Giovani ed economia"},"content":{"rendered":"<p>Sono 40 i giovani veronesi coinvolti nell\u2019organizzazione della tavola rotonda \u201cVerona-Assisi 2020. Custodi dell\u2019umano, protagonisti del cambiamento\u201d \u00e8 il tema dell&#8217;incontro che si terr\u00e0 in Gran Guardia sabato 11 gennaio. Il convegno \u00e8 promosso da Adoa &#8211; Associazione Diocesana Opere Assistenziali in vista dell\u2019evento \u201cEconomy of Francesco\u201d. Dal 26 al 28 marzo del prossimo anno, infatti, 500 giovani provenienti da tutto il mondo firmeranno con il Pontefice un \u201cpatto\u201d per cambiare l\u2019economia globale. Un congresso importante che si terr\u00e0 ed Assisi e che coinvolger\u00e0 le nuove generazioni.<\/p>\n","protected":false},"excerpt":{"rendered":"<p>Sono 40 i giovani veronesi coinvolti nell\u2019organizzazione della tavola rotonda \u201cVerona-Assisi 2020. Custodi dell\u2019umano, protagonisti del cambiamento\u201d \u00e8 il tema dell&#8217;incontro che si terr\u00e0 in Gran Guardia sabato 11 gennaio. Il convegno \u00e8 promosso da Adoa &#8211; Associazione Diocesana Opere Assistenziali in vista dell\u2019evento \u201cEconomy of Francesco\u201d. Dal 26 al 28 marzo del prossimo anno, [&hellip;]<\/p>\n","protected":false},"author":13,"featured_media":28437,"comment_status":"closed","ping_status":"closed","sticky":false,"template":"","format":"standard","meta":{"_acf_changed":false,"footnotes":""},"categories":[14],"tags":[12,139],"class_list":["post-28980","post","type-post","status-publish","format-standard","has-post-thumbnail","hentry","category-giovani","tag-primo-piano","tag-redazione-verona"],"acf":[],"images":{"thumbnail":"https:\/\/www.telepace.it\/wp-content\/uploads\/2019\/10\/assisi-1-150x150.jpg","medium":"https:\/\/www.telepace.it\/wp-content\/uploads\/2019\/10\/assisi-1-300x169.jpg","full":"https:\/\/www.telepace.it\/wp-content\/uploads\/2019\/10\/assisi-1.jpg"},"_links":{"self":[{"href":"https:\/\/www.telepace.it\/api\/wp\/v2\/posts\/28980","targetHints":{"allow":["GET"]}}],"collection":[{"href":"https:\/\/www.telepace.it\/api\/wp\/v2\/posts"}],"about":[{"href":"https:\/\/www.telepace.it\/api\/wp\/v2\/types\/post"}],"author":[{"embeddable":true,"href":"https:\/\/www.telepace.it\/api\/wp\/v2\/users\/13"}],"replies":[{"embeddable":true,"href":"https:\/\/www.telepace.it\/api\/wp\/v2\/comments?post=28980"}],"version-history":[{"count":0,"href":"https:\/\/www.telepace.it\/api\/wp\/v2\/posts\/28980\/revisions"}],"wp:featuredmedia":[{"embeddable":true,"href":"https:\/\/www.telepace.it\/api\/wp\/v2\/media\/28437"}],"wp:attachment":[{"href":"https:\/\/www.telepace.it\/api\/wp\/v2\/media?parent=28980"}],"wp:term":[{"taxonomy":"category","embeddable":true,"href":"https:\/\/www.telepace.it\/api\/wp\/v2\/categories?post=28980"},{"taxonomy":"post_tag","embeddable":true,"href":"https:\/\/www.telepace.it\/api\/wp\/v2\/tags?post=28980"}],"curies":[{"name":"wp","href":"https:\/\/api.w.org\/{rel}","templated":true}]}}