{"id":29158,"date":"2019-12-31T10:04:24","date_gmt":"2019-12-31T09:04:24","guid":{"rendered":"https:\/\/www.telepace.it\/verona\/?p=29158"},"modified":"2019-12-31T10:04:24","modified_gmt":"2019-12-31T09:04:24","slug":"un-anno-vissuto-insieme-2","status":"publish","type":"post","link":"https:\/\/www.telepace.it\/un-anno-vissuto-insieme-2\/","title":{"rendered":"Un anno vissuto insieme"},"content":{"rendered":"<p align=\"JUSTIFY\">Ultimo giorno del 2019, ultime ore di un anno che ha portato nelle nostre case e nelle nostre famiglie momenti di gioia ed anche eventi dolorosi che inevitabilmente la vita presenta. Un anno vissuto insieme a Telepace, con tante trasmissioni e programmi. Per concludere questo 2019, Telepace propone una lunga diretta di preghiera. Dopo il discorso del Presidente della Repubblica Mattarella alle ore 20.30, alle ore 23.15 dal Santuario Maria Stella dell&#8217;Evangelizzazione di Cerna (Vr) Don Guido Todeschini presieder\u00e0 la s. messa che sar\u00e0 trasmessa in diretta e a cui tutti sono invitati a partecipare. A seguire, dalla mezzanotte ci sar\u00e0 la &#8216;Tenda di pace&#8217;: la preghiera con l&#8217;adorazione per chiedere al Signore il dono della pace che proseguir\u00e0 tutta la notte fino alle 7.00 del 1 gennaio, quando sar\u00e0 celebrata la messa per il primo giorno dell&#8217;anno, festa di Maria Madre di Dio.<\/p>\n","protected":false},"excerpt":{"rendered":"<p>Ultimo giorno del 2019, ultime ore di un anno che ha portato nelle nostre case e nelle nostre famiglie momenti di gioia ed anche eventi dolorosi che inevitabilmente la vita presenta. Un anno vissuto insieme a Telepace, con tante trasmissioni e programmi. Per concludere questo 2019, Telepace propone una lunga diretta di preghiera. Dopo il [&hellip;]<\/p>\n","protected":false},"author":13,"featured_media":1598,"comment_status":"closed","ping_status":"closed","sticky":false,"template":"","format":"standard","meta":{"_acf_changed":false,"footnotes":""},"categories":[5],"tags":[12,139],"class_list":["post-29158","post","type-post","status-publish","format-standard","has-post-thumbnail","hentry","category-chiesa","tag-primo-piano","tag-redazione-verona"],"acf":[],"images":{"thumbnail":"https:\/\/www.telepace.it\/wp-content\/uploads\/2014\/04\/Calendario-e1399642945827-150x150.jpg","medium":"https:\/\/www.telepace.it\/wp-content\/uploads\/2014\/04\/Calendario-e1399642945827-300x225.jpg","full":"https:\/\/www.telepace.it\/wp-content\/uploads\/2014\/04\/Calendario-e1399642945827.jpg"},"_links":{"self":[{"href":"https:\/\/www.telepace.it\/api\/wp\/v2\/posts\/29158","targetHints":{"allow":["GET"]}}],"collection":[{"href":"https:\/\/www.telepace.it\/api\/wp\/v2\/posts"}],"about":[{"href":"https:\/\/www.telepace.it\/api\/wp\/v2\/types\/post"}],"author":[{"embeddable":true,"href":"https:\/\/www.telepace.it\/api\/wp\/v2\/users\/13"}],"replies":[{"embeddable":true,"href":"https:\/\/www.telepace.it\/api\/wp\/v2\/comments?post=29158"}],"version-history":[{"count":0,"href":"https:\/\/www.telepace.it\/api\/wp\/v2\/posts\/29158\/revisions"}],"wp:featuredmedia":[{"embeddable":true,"href":"https:\/\/www.telepace.it\/api\/wp\/v2\/media\/1598"}],"wp:attachment":[{"href":"https:\/\/www.telepace.it\/api\/wp\/v2\/media?parent=29158"}],"wp:term":[{"taxonomy":"category","embeddable":true,"href":"https:\/\/www.telepace.it\/api\/wp\/v2\/categories?post=29158"},{"taxonomy":"post_tag","embeddable":true,"href":"https:\/\/www.telepace.it\/api\/wp\/v2\/tags?post=29158"}],"curies":[{"name":"wp","href":"https:\/\/api.w.org\/{rel}","templated":true}]}}