{"id":42262,"date":"2022-03-04T08:47:54","date_gmt":"2022-03-04T07:47:54","guid":{"rendered":"https:\/\/www.telepace.it\/?p=42262"},"modified":"2022-03-08T11:04:42","modified_gmt":"2022-03-08T10:04:42","slug":"il-papa-andra-in-congo-e-sud-sudan-a-luglio","status":"publish","type":"post","link":"https:\/\/www.telepace.it\/il-papa-andra-in-congo-e-sud-sudan-a-luglio\/","title":{"rendered":"Il Papa andr\u00e0 in Congo e Sud Sudan a luglio"},"content":{"rendered":"<div>E&#8217; un&#8217;altra terra martoriata dalla guerra quella che visiter\u00e0 il Papa a luglio, quella africana: sar\u00e0 infatti nella <strong>Repubblica Democratica del Congo<\/strong>,\u00a0nelle citt\u00e0 di Goma e Kinshasa, e nel<strong> Sud Sudan<\/strong> dal <strong>2 al 7 luglio<\/strong>, .<\/div>\n<div class=\"article__subTitle\">Sar\u00e0 la<strong> 37.ma visita apostolica<\/strong> del Pontefice nei due Paesi africani, su invito delle autorit\u00e0 politiche e religiose.<\/div>\n<div class=\"article__subTitle\">Il viaggio realizza un desiderio espresso da anni di raggiungere terre segnate da <strong>violenze e attentati terroristici,<\/strong> per le quali papa Francesco celebr\u00f2 una veglia nel 2017, chiedendo alla comunit\u00e0 internazionale di aiutare <strong>donne e bambini.<\/strong><\/div>\n","protected":false},"excerpt":{"rendered":"<p>E&#8217; un&#8217;altra terra martoriata dalla guerra quella che visiter\u00e0 il Papa a luglio, quella africana: sar\u00e0 infatti nella Repubblica Democratica del Congo,\u00a0nelle citt\u00e0 di Goma e Kinshasa, e nel Sud Sudan dal 2 al 7 luglio, . Sar\u00e0 la 37.ma visita apostolica del Pontefice nei due Paesi africani, su invito delle autorit\u00e0 politiche e religiose. [&hellip;]<\/p>\n","protected":false},"author":125,"featured_media":8951,"comment_status":"closed","ping_status":"closed","sticky":false,"template":"","format":"standard","meta":{"_acf_changed":false,"footnotes":""},"categories":[74],"tags":[],"class_list":["post-42262","post","type-post","status-publish","format-standard","has-post-thumbnail","hentry","category-papa-francesco"],"acf":[],"images":{"thumbnail":"https:\/\/www.telepace.it\/wp-content\/uploads\/2015\/11\/Vicino-allAfrica.Immagine002-150x150.jpg","medium":"https:\/\/www.telepace.it\/wp-content\/uploads\/2015\/11\/Vicino-allAfrica.Immagine002-300x225.jpg","full":"https:\/\/www.telepace.it\/wp-content\/uploads\/2015\/11\/Vicino-allAfrica.Immagine002.jpg"},"_links":{"self":[{"href":"https:\/\/www.telepace.it\/api\/wp\/v2\/posts\/42262","targetHints":{"allow":["GET"]}}],"collection":[{"href":"https:\/\/www.telepace.it\/api\/wp\/v2\/posts"}],"about":[{"href":"https:\/\/www.telepace.it\/api\/wp\/v2\/types\/post"}],"author":[{"embeddable":true,"href":"https:\/\/www.telepace.it\/api\/wp\/v2\/users\/125"}],"replies":[{"embeddable":true,"href":"https:\/\/www.telepace.it\/api\/wp\/v2\/comments?post=42262"}],"version-history":[{"count":2,"href":"https:\/\/www.telepace.it\/api\/wp\/v2\/posts\/42262\/revisions"}],"predecessor-version":[{"id":42377,"href":"https:\/\/www.telepace.it\/api\/wp\/v2\/posts\/42262\/revisions\/42377"}],"wp:featuredmedia":[{"embeddable":true,"href":"https:\/\/www.telepace.it\/api\/wp\/v2\/media\/8951"}],"wp:attachment":[{"href":"https:\/\/www.telepace.it\/api\/wp\/v2\/media?parent=42262"}],"wp:term":[{"taxonomy":"category","embeddable":true,"href":"https:\/\/www.telepace.it\/api\/wp\/v2\/categories?post=42262"},{"taxonomy":"post_tag","embeddable":true,"href":"https:\/\/www.telepace.it\/api\/wp\/v2\/tags?post=42262"}],"curies":[{"name":"wp","href":"https:\/\/api.w.org\/{rel}","templated":true}]}}