{"id":42988,"date":"2022-04-06T12:53:28","date_gmt":"2022-04-06T10:53:28","guid":{"rendered":"https:\/\/www.telepace.it\/?p=42988"},"modified":"2022-07-19T11:44:08","modified_gmt":"2022-07-19T09:44:08","slug":"papa-francesco-alludienza-generale-le-nazioni-unite-sono-impotenti-in-ucraina","status":"publish","type":"post","link":"https:\/\/www.telepace.it\/papa-francesco-alludienza-generale-le-nazioni-unite-sono-impotenti-in-ucraina\/","title":{"rendered":"Papa Francesco all&#8217;Udienza generale: le Nazioni Unite sono impotenti in Ucraina"},"content":{"rendered":"\n<p>Nuovo forte appello di <strong>Papa Francesco<\/strong> per la cessazione della guerra in Ucraina. Al termine dell\u2019Udienza generale di Santo Padre ha pregato per la pace nel paese dell\u2019est Europa: &#8220;<em>Le recenti notizie sulla guerra in Ucraina, anzich\u00e9 portare sollievo e speranza, attestano invece nuove atrocit\u00e0, come il<strong> massacro di Bucha<\/strong><\/em>&#8220;.<\/p>\n\n\n\n<p>Crudelt\u00e0 sempre pi\u00f9 orrende, ha aggiunto il Papa in riferimento alle notizie che arrivano da questa citt\u00e0 a nord di Kiev. Una furia che si \u00e8 scatenata anche contro i civili. &#8220;<em>Sono vittime il cui sangue innocente grida fino al Cielo e implora: \u00abSi metta fine a questa guerra! Si facciano tacere le armi! Si smetta di seminare morte e distruzione!\u00bb<\/em>&#8220;. In seguito, Francesco si \u00e8 alzato in piedi e ha mostrato una bandiera ucraina. &#8220;<em>Ieri, proprio da Bucha, mi hanno portato questa bandiera. Questa bandiera viene dalla guerra, proprio da quella citt\u00e0 martoriata. E anche, ci sono qui alcuni bambini ucraini che ci accompagnano. Salutiamoli e preghiamo insieme con loro<\/em>&#8220;.<\/p>\n\n\n\n<p>Il Pontefice ha piegato, baciato e benedetto la bandiera ucraina regalando delle uova di Pasqua ai bambini giunti a Roma dal Paese: una carezza per quanti vivono ancora lo choc delle bombe e della violenza. &#8220;<em>Questi bambini sono dovuti fuggire e arrivare a una terra strana<\/em> [straniera?]<em>: questo \u00e8 uno dei frutti della guerra. Non dimentichiamoli, e non dimentichiamo il popolo ucraino\u2026<\/em>&#8220;. Una scena emblematica che il Papa ha voluto riassumere in questo modo: &#8220;<em>\u00c8 duro essere sradicati dalla propria terra per una guerra<\/em>&#8220;. <\/p>\n\n\n\n<p>&#8220;<em>Nell&#8217;attuale guerra in Ucraina, assistiamo all&#8217;impotenza delle Organizzazioni delle Nazioni Unite!<\/em>&#8220;. Con queste parole il Papa aveva fatto riferimento alla situazione della guerra nel paese dell&#8217;est-Europa, nel corso della sua riflessione, che si \u00e8 concentrata prevalentemente sul <strong>36\u00b0 Viaggio Apostolico a Malta<\/strong>, dove Francesco si \u00e8 recato nelle giornate di sabato 2 e domenica 3 aprile. Il Santo Padre ha sottolineato l&#8217;impotenza della organizzazioni internazionale ed evidenziato come la logica dominante imperi sulla geopolitica. &#8220;<em>Purtroppo la logica dominante \u00e8 quella delle strategie degli Stati pi\u00f9 potenti per affermare i propri interessi estendendo l&#8217;area di influenza economica, o influenza ideologica o influenza militare: lo stiamo vedendo con questa guerra<\/em>&#8220;.<\/p>\n\n\n\n<p>Il Papa ha per\u00f2 voluto anche ricordare l&#8217;importanza di accogliere i migranti e i profughi in fuga &#8220;<em>con rara umanit\u00e0<\/em>&#8220;. Proprio questa frase, scelta come motto per il suo 36esimo Viaggio Apostolico, indica &#8220;<em>la strada da seguire perch\u00e9 il mondo diventi pi\u00f9 fraterno, pi\u00f9 vivibile e si salvi da un &#8216;naufragio&#8217; che minaccia tutti noi che siamo sulla stessa barca<\/em>&#8220;.<\/p>\n\n\n\n<p>Al termine dell&#8217;udienza, nel corso dei saluti ai fedeli presenti in Aula Paolo VI, Francesco ha voluto anche <strong>ringraziare la popolazione polacca<\/strong> <strong>per l&#8217;impegno nell&#8217;accoglienza<\/strong> verso i fratelli ucraini: &#8220;<em>Durante questo tempo di Quaresima, che ci prepara alla celebrazione della Resurrezione del Signore, avete dimostrato una generosit\u00e0 straordinaria ed esemplare verso i nostri fratelli ucraini, per i quali avete aperto i cuori e le porte delle vostre case<\/em>&#8220;.<\/p>\n","protected":false},"excerpt":{"rendered":"<p>Nuovo forte appello di Papa Francesco per la cessazione della guerra in Ucraina. Al termine dell\u2019Udienza generale di Santo Padre ha pregato per la pace nel paese dell\u2019est Europa: &#8220;Le recenti notizie sulla guerra in Ucraina, anzich\u00e9 portare sollievo e speranza, attestano invece nuove atrocit\u00e0, come il massacro di Bucha&#8220;. Crudelt\u00e0 sempre pi\u00f9 orrende, ha [&hellip;]<\/p>\n","protected":false},"author":48,"featured_media":42989,"comment_status":"closed","ping_status":"closed","sticky":false,"template":"","format":"standard","meta":{"_acf_changed":false,"footnotes":""},"categories":[74,148],"tags":[253,107,234,177,210],"class_list":["post-42988","post","type-post","status-publish","format-standard","has-post-thumbnail","hentry","category-papa-francesco","category-udienza-generale","tag-malta","tag-papa-francesco","tag-ucraina","tag-udienza-generale","tag-viaggio-apostolico"],"acf":[],"images":{"thumbnail":"https:\/\/www.telepace.it\/wp-content\/uploads\/2022\/04\/Cattura-150x150.png","medium":"https:\/\/www.telepace.it\/wp-content\/uploads\/2022\/04\/Cattura-300x177.png","full":"https:\/\/www.telepace.it\/wp-content\/uploads\/2022\/04\/Cattura.png"},"_links":{"self":[{"href":"https:\/\/www.telepace.it\/api\/wp\/v2\/posts\/42988","targetHints":{"allow":["GET"]}}],"collection":[{"href":"https:\/\/www.telepace.it\/api\/wp\/v2\/posts"}],"about":[{"href":"https:\/\/www.telepace.it\/api\/wp\/v2\/types\/post"}],"author":[{"embeddable":true,"href":"https:\/\/www.telepace.it\/api\/wp\/v2\/users\/48"}],"replies":[{"embeddable":true,"href":"https:\/\/www.telepace.it\/api\/wp\/v2\/comments?post=42988"}],"version-history":[{"count":3,"href":"https:\/\/www.telepace.it\/api\/wp\/v2\/posts\/42988\/revisions"}],"predecessor-version":[{"id":44742,"href":"https:\/\/www.telepace.it\/api\/wp\/v2\/posts\/42988\/revisions\/44742"}],"wp:featuredmedia":[{"embeddable":true,"href":"https:\/\/www.telepace.it\/api\/wp\/v2\/media\/42989"}],"wp:attachment":[{"href":"https:\/\/www.telepace.it\/api\/wp\/v2\/media?parent=42988"}],"wp:term":[{"taxonomy":"category","embeddable":true,"href":"https:\/\/www.telepace.it\/api\/wp\/v2\/categories?post=42988"},{"taxonomy":"post_tag","embeddable":true,"href":"https:\/\/www.telepace.it\/api\/wp\/v2\/tags?post=42988"}],"curies":[{"name":"wp","href":"https:\/\/api.w.org\/{rel}","templated":true}]}}