{"id":43733,"date":"2022-05-13T14:48:25","date_gmt":"2022-05-13T12:48:25","guid":{"rendered":"https:\/\/www.telepace.it\/?p=43733"},"modified":"2022-05-24T12:17:03","modified_gmt":"2022-05-24T10:17:03","slug":"il-papa-in-canada","status":"publish","type":"post","link":"https:\/\/www.telepace.it\/il-papa-in-canada\/","title":{"rendered":"Il Papa in Canada"},"content":{"rendered":"\n<p>\u201cAccogliendo l\u2019invito delle autorit\u00e0 civili ed ecclesiali e delle comunit\u00e0 indigene, il Santo Padre Francesco compir\u00e0 un viaggio apostolico in Canada dal 24 al 30 luglio prossimo, visitando le citt\u00e0 di Edmonton, Qu\u00e9bec ed Iqaluit\u201d. Lo annuncia il direttore della Sala stampa vaticana, Matteo Bruni, in una dichiarazione diffusa nel bollettino di oggi. \u201cIl programma e gli ulteriori dettagli del viaggio saranno resi noti nelle prossime settimane\u201d.<\/p>\n\n\n\n<p>Fonte &#8220;Agensir&#8221;<\/p>\n","protected":false},"excerpt":{"rendered":"<p>\u201cAccogliendo l\u2019invito delle autorit\u00e0 civili ed ecclesiali e delle comunit\u00e0 indigene, il Santo Padre Francesco compir\u00e0 un viaggio apostolico in Canada dal 24 al 30 luglio prossimo, visitando le citt\u00e0 di Edmonton, Qu\u00e9bec ed Iqaluit\u201d. Lo annuncia il direttore della Sala stampa vaticana, Matteo Bruni, in una dichiarazione diffusa nel bollettino di oggi. \u201cIl programma [&hellip;]<\/p>\n","protected":false},"author":126,"featured_media":42932,"comment_status":"closed","ping_status":"closed","sticky":false,"template":"","format":"standard","meta":{"_acf_changed":false,"footnotes":""},"categories":[5,25,74],"tags":[],"class_list":["post-43733","post","type-post","status-publish","format-standard","has-post-thumbnail","hentry","category-chiesa","category-mondo","category-papa-francesco"],"acf":[],"images":{"thumbnail":"https:\/\/www.telepace.it\/wp-content\/uploads\/2022\/04\/papa-aero-1-150x150.jpeg","medium":"https:\/\/www.telepace.it\/wp-content\/uploads\/2022\/04\/papa-aero-1-300x200.jpeg","full":"https:\/\/www.telepace.it\/wp-content\/uploads\/2022\/04\/papa-aero-1.jpeg"},"_links":{"self":[{"href":"https:\/\/www.telepace.it\/api\/wp\/v2\/posts\/43733","targetHints":{"allow":["GET"]}}],"collection":[{"href":"https:\/\/www.telepace.it\/api\/wp\/v2\/posts"}],"about":[{"href":"https:\/\/www.telepace.it\/api\/wp\/v2\/types\/post"}],"author":[{"embeddable":true,"href":"https:\/\/www.telepace.it\/api\/wp\/v2\/users\/126"}],"replies":[{"embeddable":true,"href":"https:\/\/www.telepace.it\/api\/wp\/v2\/comments?post=43733"}],"version-history":[{"count":3,"href":"https:\/\/www.telepace.it\/api\/wp\/v2\/posts\/43733\/revisions"}],"predecessor-version":[{"id":43948,"href":"https:\/\/www.telepace.it\/api\/wp\/v2\/posts\/43733\/revisions\/43948"}],"wp:featuredmedia":[{"embeddable":true,"href":"https:\/\/www.telepace.it\/api\/wp\/v2\/media\/42932"}],"wp:attachment":[{"href":"https:\/\/www.telepace.it\/api\/wp\/v2\/media?parent=43733"}],"wp:term":[{"taxonomy":"category","embeddable":true,"href":"https:\/\/www.telepace.it\/api\/wp\/v2\/categories?post=43733"},{"taxonomy":"post_tag","embeddable":true,"href":"https:\/\/www.telepace.it\/api\/wp\/v2\/tags?post=43733"}],"curies":[{"name":"wp","href":"https:\/\/api.w.org\/{rel}","templated":true}]}}