{"id":43886,"date":"2022-05-21T13:05:23","date_gmt":"2022-05-21T11:05:23","guid":{"rendered":"https:\/\/www.telepace.it\/?p=43886"},"modified":"2022-05-24T12:16:01","modified_gmt":"2022-05-24T10:16:01","slug":"sara-proclamato-santo-giovanni-battista-scalabrini","status":"publish","type":"post","link":"https:\/\/www.telepace.it\/sara-proclamato-santo-giovanni-battista-scalabrini\/","title":{"rendered":"Sar\u00e0 proclamato santo Giovanni Battista Scalabrini"},"content":{"rendered":"\n<p>Un\u2019onda di consensi per portare al grado pi\u00f9 alto degli altari il vescovo considerato gi\u00e0, in cuore ovunque nel mondo, come il patrono dei migranti. \u00c8 quanto accaduto dietro la decisione di Francesco di convocare un concistoro per la canonizzazione di <strong>Giovanni Battista Scalabrini<\/strong>,il vescovo di Piacenza che sul finire dell\u2019Ottocento fond\u00f2 le Congregazioni dei Missionari e delle Missionarie di San Carlo con la specifica missione di servire i migranti. Non si tratta di una <a href=\"http:\/\/www.causesanti.va\/it\/notizie\/notizie-2022\/la-canonizzazione-equipollente-la-canonizzazione-formale-e-la-ne.html\"><strong>canonizzazione equipollente<\/strong><\/a> in quanto ci sar\u00e0 una cerimonia formale, ma con la dispensa dalla prassi del riconoscimento del secondo miracolo, come avvenuto per Papa Giovanni XXIII. La scelta emerge dall\u2019udienza concessa oggi dal Papa al cardinale Semeraro, prefetto delle Cause dei Santi, approvati i voti favorevoli della sessione ordinaria dei cardinali e vescovi membri del Dicastero. La data della canonizzazione sar\u00e0 annunciata in occasione del concistoro, che riguarder\u00e0 anche un\u2019altra canonizzazione, quella del <a href=\"http:\/\/www.causesanti.va\/it\/santi-e-beati\/artemide-zatti.html\"><strong>beato Artemide Zatti<\/strong><\/a>&nbsp;(Decreto del 9 aprile 2022), un laico italiano emigrato con la famiglia in Argentina alla fine del 1800, coadiutore salesiano e missionario in Patagonia. L\u2019udienza ha visto anche l\u2019approvazione dei Decreti sul riconoscimento di un miracolo attribuito all\u2019intercessione di una laica spagnola, Maria de la Concepci\u00f3n Barrecheguren y Garc\u00eda, e delle virt\u00f9 eroiche di sette servi di Dio, che diventano cos\u00ec venerabili.<\/p>\n\n\n\n<p>Da Vatican news<\/p>\n","protected":false},"excerpt":{"rendered":"<p>Un\u2019onda di consensi per portare al grado pi\u00f9 alto degli altari il vescovo considerato gi\u00e0, in cuore ovunque nel mondo, come il patrono dei migranti. \u00c8 quanto accaduto dietro la decisione di Francesco di convocare un concistoro per la canonizzazione di Giovanni Battista Scalabrini,il vescovo di Piacenza che sul finire dell\u2019Ottocento fond\u00f2 le Congregazioni dei [&hellip;]<\/p>\n","protected":false},"author":811,"featured_media":43887,"comment_status":"closed","ping_status":"closed","sticky":false,"template":"","format":"standard","meta":{"_acf_changed":false,"footnotes":""},"categories":[74],"tags":[],"class_list":["post-43886","post","type-post","status-publish","format-standard","has-post-thumbnail","hentry","category-papa-francesco"],"acf":[],"images":{"thumbnail":"https:\/\/www.telepace.it\/wp-content\/uploads\/2022\/05\/scalabrini-150x150.png","medium":"https:\/\/www.telepace.it\/wp-content\/uploads\/2022\/05\/scalabrini-300x169.png","full":"https:\/\/www.telepace.it\/wp-content\/uploads\/2022\/05\/scalabrini.png"},"_links":{"self":[{"href":"https:\/\/www.telepace.it\/api\/wp\/v2\/posts\/43886","targetHints":{"allow":["GET"]}}],"collection":[{"href":"https:\/\/www.telepace.it\/api\/wp\/v2\/posts"}],"about":[{"href":"https:\/\/www.telepace.it\/api\/wp\/v2\/types\/post"}],"author":[{"embeddable":true,"href":"https:\/\/www.telepace.it\/api\/wp\/v2\/users\/811"}],"replies":[{"embeddable":true,"href":"https:\/\/www.telepace.it\/api\/wp\/v2\/comments?post=43886"}],"version-history":[{"count":4,"href":"https:\/\/www.telepace.it\/api\/wp\/v2\/posts\/43886\/revisions"}],"predecessor-version":[{"id":43941,"href":"https:\/\/www.telepace.it\/api\/wp\/v2\/posts\/43886\/revisions\/43941"}],"wp:featuredmedia":[{"embeddable":true,"href":"https:\/\/www.telepace.it\/api\/wp\/v2\/media\/43887"}],"wp:attachment":[{"href":"https:\/\/www.telepace.it\/api\/wp\/v2\/media?parent=43886"}],"wp:term":[{"taxonomy":"category","embeddable":true,"href":"https:\/\/www.telepace.it\/api\/wp\/v2\/categories?post=43886"},{"taxonomy":"post_tag","embeddable":true,"href":"https:\/\/www.telepace.it\/api\/wp\/v2\/tags?post=43886"}],"curies":[{"name":"wp","href":"https:\/\/api.w.org\/{rel}","templated":true}]}}