{"id":43897,"date":"2022-05-23T15:31:20","date_gmt":"2022-05-23T13:31:20","guid":{"rendered":"https:\/\/www.telepace.it\/?p=43897"},"modified":"2022-05-30T09:22:24","modified_gmt":"2022-05-30T07:22:24","slug":"papa-francesco-al-regina-coeli-dobbiamo-essere-operatori-di-pace","status":"publish","type":"post","link":"https:\/\/www.telepace.it\/papa-francesco-al-regina-coeli-dobbiamo-essere-operatori-di-pace\/","title":{"rendered":"Papa Francesco al Regina Coeli: dobbiamo essere operatori di pace"},"content":{"rendered":"\n<p>Sono almeno 25mila i fedeli e i pellegrini hanno partecipato al <strong>Regina Coeli<\/strong> di domenica 22 maggio. Commentando <strong>le parole di Ges\u00f9 all\u2019Ultima Cena<\/strong>, <strong>Papa Francesco <\/strong>ha invocato la pace per tutti e ha invitato a recitare una preghiera molto semplice: &#8220;Impariamo a dire ogni giorno: \u00abSignore, dammi la tua pace, dammi lo Spirito Santo\u00bb. E chiediamolo anche per chi vive accanto a noi, per chi incontriamo ogni giorno, e per i responsabili delle Nazioni.&#8221;<\/p>\n\n\n\n<p>Impossibile lasciare la pace agli altri se prima non l\u2019abbiamo dentro di noi, ha osservato Francesco che ha precisato: &#8220;Ges\u00f9 ci vuole miti, aperti, disponibili all\u2019ascolto, capaci di disinnescare le contese e di tessere concordia. Questo \u00e8 testimoniare Ges\u00f9 e vale pi\u00f9 di mille parole e di tante prediche&#8221;.<\/p>\n\n\n\n<p>Serve mitezza e Ges\u00f9 lo ha dimostrato relazionandosi ai discepoli la sera dell\u2019Ultima Cena. Ora tocca a noi cristiani seguire il suo esempio. &#8220;Chiediamoci se, nei luoghi dove viviamo, noi discepoli di Ges\u00f9 ci comportiamo cos\u00ec: allentiamo le tensioni, spegniamo i conflitti? Siamo anche noi in attrito con qualcuno, sempre pronti a reagire, a esplodere, o sappiamo rispondere con la non violenza, con parole e gesti miti?&#8221;.<\/p>\n\n\n\n<p>Francesco ha poi riconosciuto che non \u00e8 facile agire in questo modo, ma ha invocato l\u2019intercessione della Madonna, perch\u00e9 &#8220;ci aiuti ad accogliere lo Spirito Santo per essere operatori di pace&#8221;.<\/p>\n\n\n\n<p>Al termine della sua riflessione, il pensiero del Papa \u00e8 andato alla <strong>Cina<\/strong>. Un riferimento in occasione della memoria liturgica della <strong>Beata Vergine Maria Aiuto dei Cristian<\/strong>i, che si celebra marted\u00ec 24 maggio. Una ricorrenza particolarmente sentita dai cattolici in Cina. &#8220;La lieta circostanza mi offre l\u2019occasione per rinnovare loro l\u2019assicurazione della mia vicinanza spirituale; seguo con attenzione e partecipazione la vita e le vicende di fedeli e pastori, spesso complesse, e prego ogni giorno per loro&#8221;.<\/p>\n\n\n\n<p>Francesco ha dunque chiesto a tutta la Chiesa di accompagnare i fedeli cinesi attraverso la preghiera. &#8220;Vi invito ad unirvi in questa preghiera, affinch\u00e9 la Chiesa in Cina, in libert\u00e0 e tranquillit\u00e0, possa vivere in comunione effettiva con la Chiesa universale ed esercitare la sua missione di annuncio del Vangelo a tutti, offrendo cos\u00ec anche un positivo contributo al progresso spirituale e materiale della societ\u00e0&#8221;.<\/p>\n","protected":false},"excerpt":{"rendered":"<p>Sono almeno 25mila i fedeli e i pellegrini hanno partecipato al Regina Coeli di domenica 22 maggio. Commentando le parole di Ges\u00f9 all\u2019Ultima Cena, Papa Francesco ha invocato la pace per tutti e ha invitato a recitare una preghiera molto semplice: &#8220;Impariamo a dire ogni giorno: \u00abSignore, dammi la tua pace, dammi lo Spirito Santo\u00bb. [&hellip;]<\/p>\n","protected":false},"author":48,"featured_media":43898,"comment_status":"closed","ping_status":"closed","sticky":false,"template":"","format":"standard","meta":{"_acf_changed":false,"footnotes":""},"categories":[71,74],"tags":[89,107,261,265],"class_list":["post-43897","post","type-post","status-publish","format-standard","has-post-thumbnail","hentry","category-angelus","category-papa-francesco","tag-cina","tag-papa-francesco","tag-regina-coeli","tag-ultima-cena"],"acf":[],"images":{"thumbnail":"https:\/\/www.telepace.it\/wp-content\/uploads\/2022\/05\/Cattura-4-150x150.jpg","medium":"https:\/\/www.telepace.it\/wp-content\/uploads\/2022\/05\/Cattura-4-300x176.jpg","full":"https:\/\/www.telepace.it\/wp-content\/uploads\/2022\/05\/Cattura-4.jpg"},"_links":{"self":[{"href":"https:\/\/www.telepace.it\/api\/wp\/v2\/posts\/43897","targetHints":{"allow":["GET"]}}],"collection":[{"href":"https:\/\/www.telepace.it\/api\/wp\/v2\/posts"}],"about":[{"href":"https:\/\/www.telepace.it\/api\/wp\/v2\/types\/post"}],"author":[{"embeddable":true,"href":"https:\/\/www.telepace.it\/api\/wp\/v2\/users\/48"}],"replies":[{"embeddable":true,"href":"https:\/\/www.telepace.it\/api\/wp\/v2\/comments?post=43897"}],"version-history":[{"count":3,"href":"https:\/\/www.telepace.it\/api\/wp\/v2\/posts\/43897\/revisions"}],"predecessor-version":[{"id":44057,"href":"https:\/\/www.telepace.it\/api\/wp\/v2\/posts\/43897\/revisions\/44057"}],"wp:featuredmedia":[{"embeddable":true,"href":"https:\/\/www.telepace.it\/api\/wp\/v2\/media\/43898"}],"wp:attachment":[{"href":"https:\/\/www.telepace.it\/api\/wp\/v2\/media?parent=43897"}],"wp:term":[{"taxonomy":"category","embeddable":true,"href":"https:\/\/www.telepace.it\/api\/wp\/v2\/categories?post=43897"},{"taxonomy":"post_tag","embeddable":true,"href":"https:\/\/www.telepace.it\/api\/wp\/v2\/tags?post=43897"}],"curies":[{"name":"wp","href":"https:\/\/api.w.org\/{rel}","templated":true}]}}