{"id":502,"date":"2019-11-04T10:34:01","date_gmt":"2019-11-04T09:34:01","guid":{"rendered":"https:\/\/www.telepace.it\/roma\/?p=502"},"modified":"2019-11-04T10:34:01","modified_gmt":"2019-11-04T09:34:01","slug":"celebrazione-per-i-cardinali-defunti","status":"publish","type":"post","link":"https:\/\/www.telepace.it\/celebrazione-per-i-cardinali-defunti\/","title":{"rendered":"Celebrazione per i cardinali defunti"},"content":{"rendered":"<p>Questa mattina, all\u2019Altare della Cattedra della Basilica Vaticana, il Santo Padre Francesco ha celebrato la Santa Messa in suffragio dei Cardinali e dei Vescovi defunti nel corso dell\u2019anno. La celebrazione \u00e8 stata trasmessa in diretta da Telepace.<\/p>\n<p>\u201cVivo andando al Signore o ruoto su me stesso? Qual \u00e8 la direzione del mio cammino? Cerco solo di fare bella figura, di salvaguardare il mio ruolo, i miei tempi e i miei spazi, o vado al Signore?\u201d.\u00a0 Sono le domande incalzanti attorno alle quali il Papa ha articolato la sua omelia, nella messa. \u201cPer chi crede non ci sono vie di mezzo\u201d, ha ricordato Francesco: \u201cNon si pu\u00f2 essere di Ges\u00f9 e ruotare su s\u00e9 stessi. Chi \u00e8 di Ges\u00f9 vive in uscita verso di lui\u201d. \u201cSolo uscendo da noi stessi apriamo la porta che conduce al Signore. Chiediamo questa grazia: \u2018Signore, desidero venire a te, attraverso le strade e i compagni di viaggio di ogni giorno. Aiutami a uscire da me stesso, per andare incontro a Te, che sei la vita\u201d.<\/p>\n<p>Fonte: agensir.it<\/p>\n<p>&nbsp;<\/p>\n","protected":false},"excerpt":{"rendered":"<p>Questa mattina, all\u2019Altare della Cattedra della Basilica Vaticana, il Santo Padre Francesco ha celebrato la Santa Messa in suffragio dei Cardinali e dei Vescovi defunti nel corso dell\u2019anno. La celebrazione \u00e8 stata trasmessa in diretta da Telepace. \u201cVivo andando al Signore o ruoto su me stesso? Qual \u00e8 la direzione del mio cammino? Cerco solo [&hellip;]<\/p>\n","protected":false},"author":13,"featured_media":92,"comment_status":"closed","ping_status":"closed","sticky":false,"template":"","format":"standard","meta":{"_acf_changed":false,"footnotes":""},"categories":[74],"tags":[110],"class_list":["post-502","post","type-post","status-publish","format-standard","has-post-thumbnail","hentry","category-papa-francesco","tag-redazione-roma"],"acf":[],"images":{"thumbnail":"https:\/\/www.telepace.it\/wp-content\/uploads\/2018\/09\/2752126d-dc6a-48fa-9aa8-108e23d7771d-150x150.jpg","medium":"https:\/\/www.telepace.it\/wp-content\/uploads\/2018\/09\/2752126d-dc6a-48fa-9aa8-108e23d7771d-300x169.jpg","full":"https:\/\/www.telepace.it\/wp-content\/uploads\/2018\/09\/2752126d-dc6a-48fa-9aa8-108e23d7771d.jpg"},"_links":{"self":[{"href":"https:\/\/www.telepace.it\/api\/wp\/v2\/posts\/502","targetHints":{"allow":["GET"]}}],"collection":[{"href":"https:\/\/www.telepace.it\/api\/wp\/v2\/posts"}],"about":[{"href":"https:\/\/www.telepace.it\/api\/wp\/v2\/types\/post"}],"author":[{"embeddable":true,"href":"https:\/\/www.telepace.it\/api\/wp\/v2\/users\/13"}],"replies":[{"embeddable":true,"href":"https:\/\/www.telepace.it\/api\/wp\/v2\/comments?post=502"}],"version-history":[{"count":0,"href":"https:\/\/www.telepace.it\/api\/wp\/v2\/posts\/502\/revisions"}],"wp:featuredmedia":[{"embeddable":true,"href":"https:\/\/www.telepace.it\/api\/wp\/v2\/media\/92"}],"wp:attachment":[{"href":"https:\/\/www.telepace.it\/api\/wp\/v2\/media?parent=502"}],"wp:term":[{"taxonomy":"category","embeddable":true,"href":"https:\/\/www.telepace.it\/api\/wp\/v2\/categories?post=502"},{"taxonomy":"post_tag","embeddable":true,"href":"https:\/\/www.telepace.it\/api\/wp\/v2\/tags?post=502"}],"curies":[{"name":"wp","href":"https:\/\/api.w.org\/{rel}","templated":true}]}}