{"id":7446,"date":"2015-08-20T14:00:47","date_gmt":"2015-08-20T12:00:47","guid":{"rendered":"http:\/\/www.telepace.com\/?p=7446"},"modified":"2015-08-20T14:00:47","modified_gmt":"2015-08-20T12:00:47","slug":"il-lavoro-da-dignita","status":"publish","type":"post","link":"https:\/\/www.telepace.it\/il-lavoro-da-dignita\/","title":{"rendered":"Il lavoro d\u00e0 dignit\u00e0"},"content":{"rendered":"<p>\u00abIl lavoro \u00e8 sacro\u00bb e \u00abd\u00e0 dignit\u00e0 a una famiglia\u00bb. Lo ha riaffermato Papa Francesco all\u2019udienza generale di mercoled\u00ec 19 agosto, nell\u2019Aula Paolo vi, rinnovando il suo appello per la difesa dell\u2019occupazione e per la salvaguardia del creato, minacciato quando il lavoro diventa \u00abostaggio della sola logica del profitto\u00bb.<\/p>\n<p><img decoding=\"async\" title=\"Gino Severini, \u00abSimboli del lavoro\u00bb (1950, particolare)\" src=\"http:\/\/vaticanresources.s3.amazonaws.com:80\/images%2F9042a7f62c6cf10e66f6172f622a438f_17.jpg\" alt=\"Gino Severini, \u00abSimboli del lavoro\u00bb (1950, particolare)\" \/><\/p>\n<p>\u00abLa bellezza della terra e la dignit\u00e0 del lavoro \u2014 ha osservato in proposito \u2014 sono fatte per essere congiunte\u00bb. La terra, infatti, \u00abdiviene bella quando \u00e8 lavorata dall\u2019uomo\u00bb. Al contrario, nel momento in cui \u00abil lavoro si distacca dall\u2019alleanza di Dio con l\u2019uomo e la donna\u00bb, l\u2019avvilimento dell\u2019anima contamina tutto: anche l\u2019aria, l\u2019acqua, l\u2019erba, il cibo\u00bb. In questo modo \u00abla vita civile si corrompe e l\u2019habitat si guasta. E le conseguenze colpiscono soprattutto i pi\u00f9 poveri\u00bb.<\/p>\n<p>Per Francesco \u00ablavorare \u00e8 proprio della persona umana\u00bb, perch\u00e9 \u00abesprime la sua dignit\u00e0 di essere creata a immagine di Dio\u00bb. Per questo \u00abla gestione dell\u2019occupazione \u00e8 una grande responsabilit\u00e0 umana e sociale, che non pu\u00f2 essere lasciata nelle mani di pochi o scaricata su un \u201cmercato\u201d divinizzato\u00bb. La perdita di posti di lavoro equivale infatti a \u00abun grave danno sociale\u00bb, ha ribadito il Papa confidando: \u00abIo mi rattristo quando vedo che c\u2019\u00e8 gente senza lavoro, che non trova lavoro e non ha la dignit\u00e0 di portare il pane a casa. E mi rallegro tanto quando vedo che i governanti fanno tanti sforzi per trovare posti di lavoro e per cercare che tutti abbiano un lavoro\u00bb. Da qui l\u2019invito a \u00abpregare perch\u00e9 non manchi il lavoro in una famiglia\u00bb<\/p>\n<p>Dal Pontefice anche una denuncia della moderna organizzazione economica, che \u00abmostra talvolta una pericolosa tendenza a considerare la famiglia un ingombro, un peso, una passivit\u00e0, per la produttivit\u00e0 del lavoro\u00bb. Su questo terreno \u00abla famiglia \u00e8 un grande banco di prova\u00bb. E \u00abquando l\u2019organizzazione del lavoro la tiene in ostaggio, o addirittura ne ostacola il cammino \u2014 ha ammonito il Papa \u2014 allora siamo sicuri che la societ\u00e0 umana ha incominciato a lavorare contro se stessa\u00bb.<\/p>\n<p>(OSSERVATORE ROMANO)<\/p>\n","protected":false},"excerpt":{"rendered":"<p>\u00b7 \u200bAll\u2019udienza generale il Papa parla del rapporto tra organizzazione produttiva e famiglia \u00b7<\/p>\n","protected":false},"author":1,"featured_media":7447,"comment_status":"open","ping_status":"open","sticky":false,"template":"","format":"quote","meta":{"_acf_changed":false,"footnotes":""},"categories":[59],"tags":[],"class_list":["post-7446","post","type-post","status-publish","format-quote","has-post-thumbnail","hentry","category-osservatore-romano","post_format-post-format-quote"],"acf":[],"images":{"thumbnail":"https:\/\/www.telepace.it\/wp-content\/uploads\/2015\/08\/Lavoro-150x150.jpg","medium":"https:\/\/www.telepace.it\/wp-content\/uploads\/2015\/08\/Lavoro-300x200.jpg","full":"https:\/\/www.telepace.it\/wp-content\/uploads\/2015\/08\/Lavoro.jpg"},"_links":{"self":[{"href":"https:\/\/www.telepace.it\/api\/wp\/v2\/posts\/7446","targetHints":{"allow":["GET"]}}],"collection":[{"href":"https:\/\/www.telepace.it\/api\/wp\/v2\/posts"}],"about":[{"href":"https:\/\/www.telepace.it\/api\/wp\/v2\/types\/post"}],"author":[{"embeddable":true,"href":"https:\/\/www.telepace.it\/api\/wp\/v2\/users\/1"}],"replies":[{"embeddable":true,"href":"https:\/\/www.telepace.it\/api\/wp\/v2\/comments?post=7446"}],"version-history":[{"count":0,"href":"https:\/\/www.telepace.it\/api\/wp\/v2\/posts\/7446\/revisions"}],"wp:featuredmedia":[{"embeddable":true,"href":"https:\/\/www.telepace.it\/api\/wp\/v2\/media\/7447"}],"wp:attachment":[{"href":"https:\/\/www.telepace.it\/api\/wp\/v2\/media?parent=7446"}],"wp:term":[{"taxonomy":"category","embeddable":true,"href":"https:\/\/www.telepace.it\/api\/wp\/v2\/categories?post=7446"},{"taxonomy":"post_tag","embeddable":true,"href":"https:\/\/www.telepace.it\/api\/wp\/v2\/tags?post=7446"}],"curies":[{"name":"wp","href":"https:\/\/api.w.org\/{rel}","templated":true}]}}